{"id":10008,"date":"2025-07-31T12:08:07","date_gmt":"2025-07-31T12:08:07","guid":{"rendered":"https:\/\/www.europesays.com\/pt\/10008\/"},"modified":"2025-07-31T12:08:07","modified_gmt":"2025-07-31T12:08:07","slug":"benfica-oferece-11-milhoes-de-euros-para-contratar-excedentario-do-psg","status":"publish","type":"post","link":"https:\/\/www.europesays.com\/pt\/10008\/","title":{"rendered":"Benfica oferece 11 milh\u00f5es de euros para contratar excedent\u00e1rio do PSG"},"content":{"rendered":"<p><strong>O Benfica quer contratar um novo extremo direito e pensa em Marco Asensio. \u00c1guias chegam aos 11 milh\u00f5es de euros pelo espanhol. <\/strong><\/p>\n<p>O Benfica entrou na corrida por Marco Asensio. De acordo com a CMTV, as \u00e1guias fizeram uma proposta de 11 milh\u00f5es de euros ao PSG pelo passe do extremo direito.<\/p>\n<p>O espanhol n\u00e3o entra nos planos de Luis Enrique e o objetivo do PSG passa por arranjar uma coloca\u00e7\u00e3o em definitivo para o extremo direito. O Fenerbah\u00e7e de Jos\u00e9 Mourinho \u00e9 o principal clube na corrida e<a href=\"https:\/\/bolanarede.pt\/especial-bola-na-rede\/atualidade\/fenerbahce-paga-20-milhoes-de-euros-para-oferecer-2-jogadores-do-psg-a-jose-mourinho\/\" target=\"_blank\" rel=\"noreferrer noopener nofollow\"> tem em cima da mesa uma proposta de 10 milh\u00f5es de euros ao PSG <\/a>e uma via negocial bem mais avan\u00e7ada, bem como uma oferta salarial de 10 milh\u00f5es de euros anuais ao jogador, n\u00fameros incomport\u00e1veis para a realidade portuguesa.<\/p>\n<p>Marco Asensio foi emprestado ao Aston Villa na segunda metade de 2024\/25, tendo somado oito golos e uma assist\u00eancia em 21 jogos pelo emblema da Premier League. <\/p>\n","protected":false},"excerpt":{"rendered":"O Benfica quer contratar um novo extremo direito e pensa em Marco Asensio. \u00c1guias chegam aos 11 milh\u00f5es&hellip;\n","protected":false},"author":2,"featured_media":10009,"comment_status":"","ping_status":"","sticky":false,"template":"","format":"standard","meta":{"footnotes":""},"categories":[87],"tags":[260,51,135,478,1767,4443,32,479,1758,33,134],"class_list":{"0":"post-10008","1":"post","2":"type-post","3":"status-publish","4":"format-standard","5":"has-post-thumbnail","7":"category-desporto","8":"tag-atualidade","9":"tag-benfica","10":"tag-desporto","11":"tag-destaques-bnr","12":"tag-ligue-1","13":"tag-marco-asensio","14":"tag-portugal","15":"tag-primeira-liga","16":"tag-psg","17":"tag-pt","18":"tag-sports"},"share_on_mastodon":{"url":"","error":""},"_links":{"self":[{"href":"https:\/\/www.europesays.com\/pt\/wp-json\/wp\/v2\/posts\/10008","targetHints":{"allow":["GET"]}}],"collection":[{"href":"https:\/\/www.europesays.com\/pt\/wp-json\/wp\/v2\/posts"}],"about":[{"href":"https:\/\/www.europesays.com\/pt\/wp-json\/wp\/v2\/types\/post"}],"author":[{"embeddable":true,"href":"https:\/\/www.europesays.com\/pt\/wp-json\/wp\/v2\/users\/2"}],"replies":[{"embeddable":true,"href":"https:\/\/www.europesays.com\/pt\/wp-json\/wp\/v2\/comments?post=10008"}],"version-history":[{"count":0,"href":"https:\/\/www.europesays.com\/pt\/wp-json\/wp\/v2\/posts\/10008\/revisions"}],"wp:featuredmedia":[{"embeddable":true,"href":"https:\/\/www.europesays.com\/pt\/wp-json\/wp\/v2\/media\/10009"}],"wp:attachment":[{"href":"https:\/\/www.europesays.com\/pt\/wp-json\/wp\/v2\/media?parent=10008"}],"wp:term":[{"taxonomy":"category","embeddable":true,"href":"https:\/\/www.europesays.com\/pt\/wp-json\/wp\/v2\/categories?post=10008"},{"taxonomy":"post_tag","embeddable":true,"href":"https:\/\/www.europesays.com\/pt\/wp-json\/wp\/v2\/tags?post=10008"}],"curies":[{"name":"wp","href":"https:\/\/api.w.org\/{rel}","templated":true}]}}