{"id":100081,"date":"2025-10-06T20:28:08","date_gmt":"2025-10-06T20:28:08","guid":{"rendered":"https:\/\/www.europesays.com\/pt\/100081\/"},"modified":"2025-10-06T20:28:08","modified_gmt":"2025-10-06T20:28:08","slug":"forum-nacional-de-simulacao-computacional-acontece-amanha-em-curitiba-agencia-sistema-fiep","status":"publish","type":"post","link":"https:\/\/www.europesays.com\/pt\/100081\/","title":{"rendered":"F\u00f3rum Nacional de Simula\u00e7\u00e3o Computacional acontece amanh\u00e3 em Curitiba \u2013 Ag\u00eancia Sistema Fiep"},"content":{"rendered":"<p>O <a href=\"https:\/\/projetos-mkt.sistemafiep.org.br\/forum-nacional-simulacao\" rel=\"nofollow noopener\" target=\"_blank\"><strong>F\u00f3rum Nacional de Simula\u00e7\u00e3o Computacional <\/strong><\/a>acontece amanh\u00e3, dia 7 de outubro, no Campus da Ind\u00fastria do Sistema Fiep, em Curitiba, e ainda restam poucas vagas para inscri\u00e7\u00e3o. O evento ser\u00e1 <strong>um dos principais encontros do pa\u00eds dedicados \u00e0 aplica\u00e7\u00e3o de tecnologias de simula\u00e7\u00e3o e g\u00eameos digitais na ind\u00fastria,<\/strong>\u00a0reunindo especialistas, pesquisadores e profissionais de empresas como Bosch, Siemens, Kaitech, FlexSim e 3be para debater os avan\u00e7os, tend\u00eancias e oportunidades que impulsionam a transforma\u00e7\u00e3o digital e a produtividade industrial.<\/p>\n<p>Com foco nos eixos<strong>\u00a0Transforma\u00e7\u00e3o Digital, Simula\u00e7\u00e3o Industrial e Produtividade,<\/strong>\u00a0o f\u00f3rum vai apresentar casos reais, pesquisas aplicadas e solu\u00e7\u00f5es de ponta que mostram como a modelagem computacional est\u00e1 redefinindo os processos produtivos e o desenvolvimento de novos produtos no Brasil.<\/p>\n<p>\u201cSer\u00e1 um momento para mostrar como a tecnologia e a gest\u00e3o enxuta caminham juntas na nossa jornada de inova\u00e7\u00e3o\u201d, destaca Amarildo Dias Junior, especialista em simula\u00e7\u00e3o de processos na Bosch Curitiba, que apresentar\u00e1 no evento a trajet\u00f3ria da empresa na aplica\u00e7\u00e3o de simula\u00e7\u00e3o de processos, digital twin e Lean Manufacturing como pilares de produtividade. Para ele, o F\u00f3rum representa uma oportunidade \u00fanica de troca de experi\u00eancias e atualiza\u00e7\u00e3o sobre as principais tend\u00eancias do setor, al\u00e9m de promover o fortalecimento de parcerias entre ind\u00fastria e pesquisa aplicada.<\/p>\n<p><img loading=\"lazy\" decoding=\"async\" width=\"800\" height=\"422\" src=\"https:\/\/www.europesays.com\/pt\/wp-content\/uploads\/2025\/10\/AdobeStock_1222223155.jpeg\" alt=\"\" class=\"wp-image-226030\"\/><\/p>\n<p><a\/><strong>Simula\u00e7\u00e3o computacional: um pilar da ind\u00fastria do futuro<\/strong><strong\/><\/p>\n<p>Os n\u00fameros confirmam a for\u00e7a dessa tecnologia. O mercado global de simula\u00e7\u00e3o computacional (CFD) <strong>movimentou cerca de US$ 2,65 bilh\u00f5es em 2024 <\/strong>e deve ultrapassar <strong>US$ 5 bilh\u00f5es at\u00e9 2033<\/strong>, com crescimento m\u00e9dio anual de 6,7%, de acordo com a pesquisa realizada pela Imarc Group. A expans\u00e3o \u00e9 impulsionada pela necessidade de otimiza\u00e7\u00e3o de produtos, redu\u00e7\u00e3o de custos e busca por efici\u00eancia energ\u00e9tica.<\/p>\n<p>Hoje, a simula\u00e7\u00e3o \u00e9 utilizada em setores estrat\u00e9gicos como automotivo, aeroespacial, energia, eletr\u00f4nica e manufatura avan\u00e7ada, permitindo que empresas <strong>testem cen\u00e1rios, validem projetos e antecipem riscos antes da execu\u00e7\u00e3o f\u00edsica. <\/strong>A combina\u00e7\u00e3o com <strong>intelig\u00eancia artificial, computa\u00e7\u00e3o em nuvem e g\u00eameos digitais <\/strong>est\u00e1 acelerando o desenvolvimento de sistemas aut\u00f4nomos e preditivos, transformando a forma como se faz engenharia no mundo todo.<\/p>\n<p><a\/><strong>Brasil na rota da inova\u00e7\u00e3o digital<\/strong><strong\/><\/p>\n<p>De acordo com Almir Joaquim, gerente do Instituto Senai de Tecnologia em Produtividade, a realiza\u00e7\u00e3o do F\u00f3rum refor\u00e7a o papel estrat\u00e9gico do Senai Paran\u00e1 na dissemina\u00e7\u00e3o da cultura de simula\u00e7\u00e3o e digitaliza\u00e7\u00e3o industrial. \u201cA simula\u00e7\u00e3o computacional \u00e9 hoje um dos pilares da competitividade industrial. Por meio dela, conseguimos antecipar falhas, reduzir desperd\u00edcios e aumentar a efici\u00eancia dos processos produtivos. O F\u00f3rum \u00e9 um espa\u00e7o para mostrar que o Brasil est\u00e1 preparado para avan\u00e7ar nessa agenda, conectando empresas, startups e institui\u00e7\u00f5es de pesquisa em torno de uma mesma vis\u00e3o: a inova\u00e7\u00e3o baseada em dados e tecnologia\u201d, afirma Joaquim.<\/p>\n<p><a\/><strong>Conhecimento aplicado e rede de colabora\u00e7\u00e3o<\/strong><strong\/><\/p>\n<p>Ao longo do dia, a programa\u00e7\u00e3o do F\u00f3rum trar\u00e1<strong>\u00a0palestras e pain\u00e9is sobre tend\u00eancias de mercado,<\/strong>\u00a0tecnologias em simula\u00e7\u00e3o e g\u00eameos digitais, transforma\u00e7\u00e3o digital e efici\u00eancia industrial na pr\u00e1tica, com participa\u00e7\u00e3o de especialistas como Cristiane Pimentel (UFRB), C\u00edcero Spartalis (IST Produtividade) e Luiz Caccalano (Siemens\/PLMX).<\/p>\n<p>Tamb\u00e9m ser\u00e3o apresentados <strong>casos reais de aplica\u00e7\u00e3o da simula\u00e7\u00e3o <\/strong>em empresas como Bosch, Volvo e Le\u00e3o Alimentos, al\u00e9m de provas de conceito desenvolvidas pela Resid\u00eancia T\u00e9cnica em Simula\u00e7\u00e3o Industrial. O evento contar\u00e1 ainda com stands de neg\u00f3cios e exposi\u00e7\u00e3o de pesquisas aplicadas, reunindo solu\u00e7\u00f5es em digitaliza\u00e7\u00e3o, automa\u00e7\u00e3o e manufatura avan\u00e7ada.<\/p>\n<p><a\/><strong>Transformar para competir<\/strong><strong\/><\/p>\n<p>Com a ind\u00fastria global em transi\u00e7\u00e3o para modelos produtivos cada vez mais digitais, sustent\u00e1veis e orientados por dados, a <strong>simula\u00e7\u00e3o computacional<\/strong>\u00a0surge como f<strong>erramenta estrat\u00e9gica <\/strong>para o futuro da manufatura brasileira. Mais do que uma tecnologia, ela representa uma nova forma de pensar e planejar processos industriais, permitindo que decis\u00f5es sejam tomadas com base em evid\u00eancias, previs\u00f5es e efici\u00eancia operacional.<\/p>\n<p>O F\u00f3rum Nacional de Simula\u00e7\u00e3o Computacional \u00e9 uma iniciativa do Senai Paran\u00e1, por meio do Instituto Senai de Tecnologia em Produtividade, e refor\u00e7a o compromisso com a inova\u00e7\u00e3o e a transforma\u00e7\u00e3o digital da ind\u00fastria paranaense e nacional.<\/p>\n<p>As inscri\u00e7\u00f5es \u00a0podem ser feitas no site<a href=\"https:\/\/www.senaipr.org.br\/tecnologiaeinovacao\" rel=\"nofollow noopener\" target=\"_blank\">\u00a0<\/a><a href=\"https:\/\/www.senaipr.org.br\/tecnologiaeinovacao\" rel=\"nofollow noopener\" target=\"_blank\">senaipr.org.br\/tecnologiaeinovacao<\/a>.<\/p>\n","protected":false},"excerpt":{"rendered":"O F\u00f3rum Nacional de Simula\u00e7\u00e3o Computacional acontece amanh\u00e3, dia 7 de outubro, no Campus da Ind\u00fastria do Sistema&hellip;\n","protected":false},"author":2,"featured_media":100082,"comment_status":"","ping_status":"","sticky":false,"template":"","format":"standard","meta":{"footnotes":""},"categories":[84],"tags":[109,107,108,32,33,105,103,104,106,110],"class_list":{"0":"post-100081","1":"post","2":"type-post","3":"status-publish","4":"format-standard","5":"has-post-thumbnail","7":"category-ciencia-e-tecnologia","8":"tag-ciencia","9":"tag-ciencia-e-tecnologia","10":"tag-cienciaetecnologia","11":"tag-portugal","12":"tag-pt","13":"tag-science","14":"tag-science-and-technology","15":"tag-scienceandtechnology","16":"tag-technology","17":"tag-tecnologia"},"share_on_mastodon":{"url":"","error":""},"_links":{"self":[{"href":"https:\/\/www.europesays.com\/pt\/wp-json\/wp\/v2\/posts\/100081","targetHints":{"allow":["GET"]}}],"collection":[{"href":"https:\/\/www.europesays.com\/pt\/wp-json\/wp\/v2\/posts"}],"about":[{"href":"https:\/\/www.europesays.com\/pt\/wp-json\/wp\/v2\/types\/post"}],"author":[{"embeddable":true,"href":"https:\/\/www.europesays.com\/pt\/wp-json\/wp\/v2\/users\/2"}],"replies":[{"embeddable":true,"href":"https:\/\/www.europesays.com\/pt\/wp-json\/wp\/v2\/comments?post=100081"}],"version-history":[{"count":0,"href":"https:\/\/www.europesays.com\/pt\/wp-json\/wp\/v2\/posts\/100081\/revisions"}],"wp:featuredmedia":[{"embeddable":true,"href":"https:\/\/www.europesays.com\/pt\/wp-json\/wp\/v2\/media\/100082"}],"wp:attachment":[{"href":"https:\/\/www.europesays.com\/pt\/wp-json\/wp\/v2\/media?parent=100081"}],"wp:term":[{"taxonomy":"category","embeddable":true,"href":"https:\/\/www.europesays.com\/pt\/wp-json\/wp\/v2\/categories?post=100081"},{"taxonomy":"post_tag","embeddable":true,"href":"https:\/\/www.europesays.com\/pt\/wp-json\/wp\/v2\/tags?post=100081"}],"curies":[{"name":"wp","href":"https:\/\/api.w.org\/{rel}","templated":true}]}}