{"id":100083,"date":"2025-10-06T20:30:20","date_gmt":"2025-10-06T20:30:20","guid":{"rendered":"https:\/\/www.europesays.com\/pt\/100083\/"},"modified":"2025-10-06T20:30:20","modified_gmt":"2025-10-06T20:30:20","slug":"tres-portugueses-vivos-e-os-cadaveres-de-tres-portugueses-devem-ser-libertados-pelo-hamas-nos-proximos-dias","status":"publish","type":"post","link":"https:\/\/www.europesays.com\/pt\/100083\/","title":{"rendered":"Tr\u00eas portugueses vivos e os cad\u00e1veres de tr\u00eas portugueses devem ser libertados pelo Hamas nos pr\u00f3ximos dias"},"content":{"rendered":"<p>\t                Aguarda-se a liberta\u00e7\u00e3o de 48 ref\u00e9ns do Hamas nos pr\u00f3ximos dias, como parte do plano de paz para a regi\u00e3o<\/p>\n<p>A Comunidade Israelita do Porto aguarda que sejam libertados nos pr\u00f3ximos dias tr\u00eas portugueses vivos e os cad\u00e1veres de outros tr\u00eas. Trata-se de seis dos 48 ref\u00e9ns &#8211; de duas dezenas de nacionalidades diferentes, incluindo norte-americana e russa. A contabiliza\u00e7\u00e3o foi enviada por Gabriel Senderowicz, presidente da Comunidade Israelita do Porto, num email enviado \u00e0 CNN Portugal.<\/p>\n<p>Os tr\u00eas portugueses vivos s\u00e3o Segev Halfon (27 anos), de fam\u00edlia sefardita tradicional de Marrocos e da Tun\u00edsia (sendo que a comunidade judaica portuguesa de T\u00fanis guarda os correspondentes contratos de casamento) e Ariel Cunio (28) e David Cunio (35), irm\u00e3os de fam\u00edlia sefardita tradicional da Turquia. Os seus bisav\u00f3s, Jos\u00e9 e Anna Cunio, nascidos no s\u00e9culo XIX no cora\u00e7\u00e3o do Imp\u00e9rio Otomano, conservavam registos familiares em Esmirna, nas antigas institui\u00e7\u00f5es &#8220;Kahal Kadosh Portugal&#8221; e &#8220;Dotar as \u00d3rf\u00e3s&#8221;. Os Cunio, al\u00e9m de israelitas e portugueses, s\u00e3o cidad\u00e3os argentinos.<\/p>\n<p>Os tr\u00eas falecidos cujos corpos o Hamas ainda det\u00e9m s\u00e3o Yossi Sharabi (53), de fam\u00edlia marroquina de sobrenome Turgeman, que conta com registos no cemit\u00e9rio judaico de Lisboa, uma vez que membros desta fam\u00edlia regressaram a Portugal depois da aboli\u00e7\u00e3o da Inquisi\u00e7\u00e3o; Ran Gvili (26), de fam\u00edlia sefardita eg\u00edpcia, bisneto de Eduardo Nada, que sempre desejou que os seus descendentes partissem para Israel e jamais o abandonassem, por ser aquele o \u00fanico lugar seguro para os judeus; Dror Or Ermoza (48), de fam\u00edlia sefardita otomana, que falava ladino e que hoje inspira a famosa s\u00e9rie da Netflix &#8220;Beauty Queen of Jerusalem&#8221;. Tamb\u00e9m Dror Or detinha as nacionalidades israelita, portuguesa e argentina.<\/p>\n<p>A mulher de Dror Or Ermoza foi assassinada, tal como ele. Os filhos de ambos, Alma (17 anos) e Noam (15 anos), tal como o sobrinho Liam (23 anos), foram feitos ref\u00e9ns e entretanto libertados.<\/p>\n<p>Ran Gvili estava doente e na sala de um hospital para ser operado no dia 7 de outubro. Alarmado com as not\u00edcias que chegavam, vestiu-se e dirigiu-se para o campo de batalha, onde morreu. O seu corpo foi levado para Gaza como trof\u00e9u e objeto de troca.<\/p>\n","protected":false},"excerpt":{"rendered":"Aguarda-se a liberta\u00e7\u00e3o de 48 ref\u00e9ns do Hamas nos pr\u00f3ximos dias, como parte do plano de paz para&hellip;\n","protected":false},"author":2,"featured_media":100084,"comment_status":"","ping_status":"","sticky":false,"template":"","format":"standard","meta":{"footnotes":"","_share_on_mastodon":"0"},"categories":[50],"tags":[609,836,611,27,28,607,608,333,832,604,135,610,476,15,16,301,830,255,14,603,25,26,570,21,22,831,833,62,834,12,13,19,20,835,602,52,32,8168,23,24,4783,17,18,29,30,31,63,64,65],"class_list":["post-100083","post","type-post","status-publish","format-standard","has-post-thumbnail","category-mundo","tag-alerta","tag-analise","tag-ao-minuto","tag-breaking-news","tag-breakingnews","tag-cnn","tag-cnn-portugal","tag-comentadores","tag-costa","tag-crime","tag-desporto","tag-direto","tag-economia","tag-featured-news","tag-featurednews","tag-governo","tag-guerra","tag-hamas","tag-headlines","tag-justica","tag-latest-news","tag-latestnews","tag-live","tag-main-news","tag-mainnews","tag-mais-vistas","tag-marcelo","tag-mundo","tag-negocios","tag-news","tag-noticias","tag-noticias-principais","tag-noticiasprincipais","tag-opiniao","tag-pais","tag-politica","tag-portugal","tag-portugueses","tag-principais-noticias","tag-principaisnoticias","tag-refens","tag-top-stories","tag-topstories","tag-ultimas","tag-ultimas-noticias","tag-ultimasnoticias","tag-world","tag-world-news","tag-worldnews"],"share_on_mastodon":{"url":"","error":""},"_links":{"self":[{"href":"https:\/\/www.europesays.com\/pt\/wp-json\/wp\/v2\/posts\/100083","targetHints":{"allow":["GET"]}}],"collection":[{"href":"https:\/\/www.europesays.com\/pt\/wp-json\/wp\/v2\/posts"}],"about":[{"href":"https:\/\/www.europesays.com\/pt\/wp-json\/wp\/v2\/types\/post"}],"author":[{"embeddable":true,"href":"https:\/\/www.europesays.com\/pt\/wp-json\/wp\/v2\/users\/2"}],"replies":[{"embeddable":true,"href":"https:\/\/www.europesays.com\/pt\/wp-json\/wp\/v2\/comments?post=100083"}],"version-history":[{"count":0,"href":"https:\/\/www.europesays.com\/pt\/wp-json\/wp\/v2\/posts\/100083\/revisions"}],"wp:featuredmedia":[{"embeddable":true,"href":"https:\/\/www.europesays.com\/pt\/wp-json\/wp\/v2\/media\/100084"}],"wp:attachment":[{"href":"https:\/\/www.europesays.com\/pt\/wp-json\/wp\/v2\/media?parent=100083"}],"wp:term":[{"taxonomy":"category","embeddable":true,"href":"https:\/\/www.europesays.com\/pt\/wp-json\/wp\/v2\/categories?post=100083"},{"taxonomy":"post_tag","embeddable":true,"href":"https:\/\/www.europesays.com\/pt\/wp-json\/wp\/v2\/tags?post=100083"}],"curies":[{"name":"wp","href":"https:\/\/api.w.org\/{rel}","templated":true}]}}