{"id":100112,"date":"2025-10-06T21:01:19","date_gmt":"2025-10-06T21:01:19","guid":{"rendered":"https:\/\/www.europesays.com\/pt\/100112\/"},"modified":"2025-10-06T21:01:19","modified_gmt":"2025-10-06T21:01:19","slug":"oficial-pedro-goncalves-renova-contrato-ate-2030","status":"publish","type":"post","link":"https:\/\/www.europesays.com\/pt\/100112\/","title":{"rendered":"Oficial: Pedro Gon\u00e7alves renova contrato at\u00e9 2030"},"content":{"rendered":"<p>Renova\u00e7\u00e3o fechada&#8230; e oficializada. Como <strong>A BOLA<\/strong> avan\u00e7ou em primeira m\u00e3o durante a manh\u00e3, <a class=\"autolink-enabled\" href=\"https:\/\/www.abola.pt\/futebol\/sporting-448\" data-resource-id=\"448\" data-resource-type=\"team\" data-sport=\"football\" rel=\"nofollow noopener\" target=\"_blank\">Sporting<\/a> e <a class=\"autolink-enabled\" href=\"https:\/\/www.abola.pt\/futebol\/jogador\/pedro-goncalves-183976\" data-resource-id=\"183976\" data-resource-type=\"player\" data-sport=\"football\" rel=\"nofollow noopener\" target=\"_blank\">Pedro Gon\u00e7alves<\/a> acertaram os termos do novo contrato que assim p\u00f4de ser logo assinado, com o avan\u00e7ado de 27 anos a prolongar o v\u00ednculo por mais tr\u00eas temporadas, ou seja, de 2027 para 2030. A cl\u00e1usula de rescis\u00e3o mant\u00e9m-se nos 80 milh\u00f5es de euros. <\/p>\n<p>Ora, as arestas foram limadas, o acordo ficou hoje fechado e foi anunciado oficialmente h\u00e1 momentos, colocando assim ponto final a um entendimento que acabou por ser f\u00e1cil de encontrar. Mais tr\u00eas anos de contrato, at\u00e9 2030; subida ao topo da hierarquia salarial; a mesma cl\u00e1usula de rescis\u00e3o de 80 milh\u00f5es de euros. A resposta de Pote foi positiva.<\/p>\n<p>            <img decoding=\"async\" src=\"https:\/\/www.europesays.com\/pt\/wp-content\/uploads\/2025\/10\/4538b0ca-6dff-4e9d-8a81-9badec8b58e1.jpg\" alt=\"\" width=\"620\" class=\"w-full object-cover\"\/><\/p>\n<p>                    Pedro Gon\u00e7alves prolongou o v\u00ednculo por mais tr\u00eas temporadas &#8211; Foto: SPORTING CP<\/p>\n<p>\u00ab\u00c9 sempre um momento de orgulho renovar pelo clube do cora\u00e7\u00e3o e continuar a jogar pelo <a class=\"autolink-enabled\" data-resource-id=\"448\" data-resource-type=\"team\" data-sport=\"football\" href=\"https:\/\/www.abola.pt\/futebol\/sporting-448\" rel=\"nofollow noopener\" target=\"_blank\">Sporting<\/a>. Tenho sentido que o clube, o presidente e toda a gente envolvida gosta que fa\u00e7a parte desta hist\u00f3ria. Fico muito orgulhoso, \u00e9 um clube que adoro\u00bb, come\u00e7ou por dizer o atacante, de 27 anos, recordando todas as conquistas em Alvalade.<\/p>\n<p>            <img decoding=\"async\" src=\"https:\/\/www.europesays.com\/pt\/wp-content\/uploads\/2025\/10\/e99d4a4d-5047-477e-93b9-11e68b02593d.jpg\" alt=\"\" width=\"620\" class=\"w-full object-cover\"\/><\/p>\n<p>                    Pedro Gon\u00e7alves \u00e9 uma das refer\u00eancias do plantel orientado por Rui Borges &#8211; Foto: SPORTING CP<\/p>\n<blockquote>\n<p>Individualmente, tem sido uma boa \u00e9poca e um dos meus melhores arranques. Vou dar o meu melhor para continuar assim<\/p>\n<\/blockquote>\n<p>\u00abN\u00e3o esperava, sequer, chegar a um clube t\u00e3o grande como o Sporting. Fico contente por fazer a minha hist\u00f3ria e o meu caminho. O mais importante \u00e9 trazer trof\u00e9us para o clube e, um dia mais tarde, ir ao Museu Sporting e ver l\u00e1 o meu nome. Sentimos que est\u00e1 um clube est\u00e1vel. Houve mudan\u00e7as no Est\u00e1dio Jos\u00e9 Alvalade, obras na Academia Cristiano Ronaldo. Mudou muita coisa, estou a ver o clube a crescer e isso \u00e9 o mais importante, at\u00e9 porque o Sporting tem de ser um dos melhores clubes de Portugal e da Europa\u00bb, refor\u00e7ou.\u00a0<\/p>\n<p>            <img decoding=\"async\" src=\"https:\/\/www.europesays.com\/pt\/wp-content\/uploads\/2025\/10\/543128e7-812c-44c4-831b-00df2c4d354c.jpg\" alt=\"\" width=\"620\" class=\"w-full object-cover\"\/><\/p>\n<p>                    Pedro Gon\u00e7alves vai juntar-se aos trabalhos da Sele\u00e7\u00e3o Nacional ap\u00f3s firmar novo contrato &#8211; Foto: SPORTING CP<\/p>\n<blockquote>\n<p>Que nos continuem a apoiar como t\u00eam feito at\u00e9 hoje. Que acreditem na equipa porque v\u00e3o ser muito importantes ao longo da \u00e9poca<\/p>\n<\/blockquote>\n<p>Com tr\u00eas titulos nacionais pelos le\u00f5es, Pedro Gon\u00e7alves j\u00e1 aponta ao&#8230; quarto. Um objetivo que est\u00e1 bem presente na mente do internacional portugu\u00eas.<\/p>\n<p>\u00abVamos dar o nosso m\u00e1ximo. (&#8230;) Individualmente, tem sido uma boa \u00e9poca e um dos meus melhores arranques. Vou dar o meu melhor para continuar assim. A equipa entra em todos os jogos para ganhar e vamos continuar assim at\u00e9 ao final da \u00e9poca\u00bb, garantiu. <\/p>\n<p>Por fim, foi deixada uma mensagem aos sportinguistas: \u00abQue nos continuem a apoiar como t\u00eam feito at\u00e9 hoje. Que acreditem na equipa porque v\u00e3o ser muito importantes ao longo da \u00e9poca. Precisamos de toda a gente connosco. Os adeptos s\u00e3o o lado mais forte do clube\u00bb.<\/p>\n","protected":false},"excerpt":{"rendered":"Renova\u00e7\u00e3o fechada&#8230; e oficializada. Como A BOLA avan\u00e7ou em primeira m\u00e3o durante a manh\u00e3, Sporting e Pedro Gon\u00e7alves&hellip;\n","protected":false},"author":2,"featured_media":100113,"comment_status":"","ping_status":"","sticky":false,"template":"","format":"standard","meta":{"footnotes":""},"categories":[8],"tags":[27,28,15,16,14,25,26,21,22,12,13,19,20,32,23,24,33,17,18,29,30,31],"class_list":{"0":"post-100112","1":"post","2":"type-post","3":"status-publish","4":"format-standard","5":"has-post-thumbnail","7":"category-principais-noticias","8":"tag-breaking-news","9":"tag-breakingnews","10":"tag-featured-news","11":"tag-featurednews","12":"tag-headlines","13":"tag-latest-news","14":"tag-latestnews","15":"tag-main-news","16":"tag-mainnews","17":"tag-news","18":"tag-noticias","19":"tag-noticias-principais","20":"tag-noticiasprincipais","21":"tag-portugal","22":"tag-principais-noticias","23":"tag-principaisnoticias","24":"tag-pt","25":"tag-top-stories","26":"tag-topstories","27":"tag-ultimas","28":"tag-ultimas-noticias","29":"tag-ultimasnoticias"},"share_on_mastodon":{"url":"","error":""},"_links":{"self":[{"href":"https:\/\/www.europesays.com\/pt\/wp-json\/wp\/v2\/posts\/100112","targetHints":{"allow":["GET"]}}],"collection":[{"href":"https:\/\/www.europesays.com\/pt\/wp-json\/wp\/v2\/posts"}],"about":[{"href":"https:\/\/www.europesays.com\/pt\/wp-json\/wp\/v2\/types\/post"}],"author":[{"embeddable":true,"href":"https:\/\/www.europesays.com\/pt\/wp-json\/wp\/v2\/users\/2"}],"replies":[{"embeddable":true,"href":"https:\/\/www.europesays.com\/pt\/wp-json\/wp\/v2\/comments?post=100112"}],"version-history":[{"count":0,"href":"https:\/\/www.europesays.com\/pt\/wp-json\/wp\/v2\/posts\/100112\/revisions"}],"wp:featuredmedia":[{"embeddable":true,"href":"https:\/\/www.europesays.com\/pt\/wp-json\/wp\/v2\/media\/100113"}],"wp:attachment":[{"href":"https:\/\/www.europesays.com\/pt\/wp-json\/wp\/v2\/media?parent=100112"}],"wp:term":[{"taxonomy":"category","embeddable":true,"href":"https:\/\/www.europesays.com\/pt\/wp-json\/wp\/v2\/categories?post=100112"},{"taxonomy":"post_tag","embeddable":true,"href":"https:\/\/www.europesays.com\/pt\/wp-json\/wp\/v2\/tags?post=100112"}],"curies":[{"name":"wp","href":"https:\/\/api.w.org\/{rel}","templated":true}]}}