{"id":100144,"date":"2025-10-06T21:30:33","date_gmt":"2025-10-06T21:30:33","guid":{"rendered":"https:\/\/www.europesays.com\/pt\/100144\/"},"modified":"2025-10-06T21:30:33","modified_gmt":"2025-10-06T21:30:33","slug":"sporting-vence-fc-barcelona-e-sagra-se-campeao-mundial-de-hoquei-em-patins","status":"publish","type":"post","link":"https:\/\/www.europesays.com\/pt\/100144\/","title":{"rendered":"Sporting vence FC Barcelona e sagra-se campe\u00e3o mundial de h\u00f3quei em patins"},"content":{"rendered":"<p>                    Na primeira edi\u00e7\u00e3o sob a \u00e9gide da World Skate, os \u2018le\u00f5es\u2019, campe\u00f5es europeus h\u00e1 duas \u00e9pocas, em 2023\/24, garantiram a vit\u00f3ria com golos de Alessandro Verona (dois) e Gonzalo Romero &#8216;Nolito&#8217; (um).<\/p>\n<p>A equipa de Edo Bosch saiu empatada para o intervalo, depois de golos de Verona (12 minutos) para os \u2018le\u00f5es\u2019 e Ferran Font (20) para os catal\u00e3es, mas na segunda metade viu-se cedo a perder, com o jogador do \u2018Bar\u00e7a\u2019, que j\u00e1 alinhou no Sporting, a bisar, aos 29.<\/p>\n<p>Com a obrigatoriedade de ir atr\u00e1s do resultado, \u2018Nolito\u2019 fez o 2-2, aos 42 minutos (17 da segunda parte), na marca\u00e7\u00e3o de um livre direto, num lance que excluiu Ferran Font, com suspens\u00e3o de dois minutos (cart\u00e3o azul).<\/p>\n<p>No prolongamento, Alessandro Verona colocou o Sporting na frente, nos primeiros dois minutos desta etapa, numa fase em que os \u2018le\u00f5es\u2019 conseguiram depois aguentar a investida dos catal\u00e3es, j\u00e1 sem guarda-redes.<\/p>\n<p>O Sporting, quatro vezes campe\u00e3o europeu, \u00e9 a primeira equipa lusa a conquistar o Mundial de clubes, que regressou agora sob \u2018tutela\u2019 da World Skate, depois de duas edi\u00e7\u00f5es a cargo da Federa\u00e7\u00e3o Internacional (FIRS), em 2006 e 2008, ganhas pelo Bassano e pelo Reus.<\/p>\n<p>&#13;<br \/>\nNa edi\u00e7\u00e3o deste ano, o \u00d3quei Barcelos, campe\u00e3o europeu em t\u00edtulo, terminou em terceiro, depois de perder com o Sporting nas meias-finais (3-1) e vencer o Centro Valenciano (10-4), no jogo de atribui\u00e7\u00e3o do \u00faltimo lugar do p\u00f3dio.&#13;\n<\/p>\n<p>Hoquista Gonzalo Romero feliz com conquista mundial em &#8216;casa&#8217;<br \/>\nO hoquista internacional argentino Gonzalo Romero \u2018Nolito\u2019, que cumpre a oitava \u00e9poca no Sporting, garantiu a felicidade que viveu por conquistar o t\u00edtulo mundial de clubes na sua cidade natal.<\/p>\n<p>\u201cPoder sem campe\u00e3o do mundo aqui, em San Juan, em Cantoni [Pavilh\u00e3o Aldo Cantoni}, com toda a minha gente, com a toda a minha fam\u00edlia, \u00e9 muito especial, dedicar a eles, \u00e0 minha mulher e a minha filha, que n\u00e3o puderam estar hoje\u201d, disse no final o jogador.<\/p>\n<p>\u2018Nolito\u2019, que \u00e9 natural de San Juan, a \u2018capital\u2019 do h\u00f3quei em patins argentino, garantiu estar \u201cmuito feliz por tudo\u201d, ap\u00f3s uma noite em que o Sporting se sagrou pela primeira vez campe\u00e3o mundial de clubes, ao bater o FC Barcelona, por 3-2, ap\u00f3s prolongamento.<\/p>\n<p>Na primeira edi\u00e7\u00e3o disputada sob a \u00e9gide da World Skate, em San Juan, o argentino foi no domingo \u00e0 noite o autor do golo do empate aos 42 minutos, num jogo que se \u2018arrastou\u2019 para prolongamento.<\/p>\n<p>Pelo Sporting marcou tamb\u00e9m Alessandro Verona, aos 12 e j\u00e1 no prolongamento, aos dois da etapa de acr\u00e9scimo, enquanto Ferran Font fez os golos do \u2018Bar\u00e7a\u2019, aos 20 e 29.<\/p>\n<p>O Sporting, quatro vezes campe\u00e3o europeu, \u00e9 a primeira equipa lusa a conquistar o Mundial de clubes, que regressou agora sob \u2018tutela\u2019 da World Skate, depois de duas edi\u00e7\u00f5es a cargo da Federa\u00e7\u00e3o Internacional (FIRS), em 2006 e 2008, ganhas pelo Bassano e pelo Reus.<\/p>\n<p>Na edi\u00e7\u00e3o deste ano, o \u00d3quei Barcelos, campe\u00e3o europeu em t\u00edtulo, terminou em terceiro, depois de perder com o Sporting nas meias-finais (3-1) e vencer o Centro Valenciano (10-4), no jogo de atribui\u00e7\u00e3o do \u00faltimo lugar do p\u00f3dio.<\/p>\n","protected":false},"excerpt":{"rendered":"Na primeira edi\u00e7\u00e3o sob a \u00e9gide da World Skate, os \u2018le\u00f5es\u2019, campe\u00f5es europeus h\u00e1 duas \u00e9pocas, em 2023\/24,&hellip;\n","protected":false},"author":2,"featured_media":100145,"comment_status":"","ping_status":"","sticky":false,"template":"","format":"standard","meta":{"footnotes":""},"categories":[8],"tags":[27,28,15,16,14,25,26,21,22,12,13,19,20,32,23,24,33,420,421,17,18,29,30,31],"class_list":{"0":"post-100144","1":"post","2":"type-post","3":"status-publish","4":"format-standard","5":"has-post-thumbnail","7":"category-principais-noticias","8":"tag-breaking-news","9":"tag-breakingnews","10":"tag-featured-news","11":"tag-featurednews","12":"tag-headlines","13":"tag-latest-news","14":"tag-latestnews","15":"tag-main-news","16":"tag-mainnews","17":"tag-news","18":"tag-noticias","19":"tag-noticias-principais","20":"tag-noticiasprincipais","21":"tag-portugal","22":"tag-principais-noticias","23":"tag-principaisnoticias","24":"tag-pt","25":"tag-rtp","26":"tag-rtp-noticias","27":"tag-top-stories","28":"tag-topstories","29":"tag-ultimas","30":"tag-ultimas-noticias","31":"tag-ultimasnoticias"},"share_on_mastodon":{"url":"","error":""},"_links":{"self":[{"href":"https:\/\/www.europesays.com\/pt\/wp-json\/wp\/v2\/posts\/100144","targetHints":{"allow":["GET"]}}],"collection":[{"href":"https:\/\/www.europesays.com\/pt\/wp-json\/wp\/v2\/posts"}],"about":[{"href":"https:\/\/www.europesays.com\/pt\/wp-json\/wp\/v2\/types\/post"}],"author":[{"embeddable":true,"href":"https:\/\/www.europesays.com\/pt\/wp-json\/wp\/v2\/users\/2"}],"replies":[{"embeddable":true,"href":"https:\/\/www.europesays.com\/pt\/wp-json\/wp\/v2\/comments?post=100144"}],"version-history":[{"count":0,"href":"https:\/\/www.europesays.com\/pt\/wp-json\/wp\/v2\/posts\/100144\/revisions"}],"wp:featuredmedia":[{"embeddable":true,"href":"https:\/\/www.europesays.com\/pt\/wp-json\/wp\/v2\/media\/100145"}],"wp:attachment":[{"href":"https:\/\/www.europesays.com\/pt\/wp-json\/wp\/v2\/media?parent=100144"}],"wp:term":[{"taxonomy":"category","embeddable":true,"href":"https:\/\/www.europesays.com\/pt\/wp-json\/wp\/v2\/categories?post=100144"},{"taxonomy":"post_tag","embeddable":true,"href":"https:\/\/www.europesays.com\/pt\/wp-json\/wp\/v2\/tags?post=100144"}],"curies":[{"name":"wp","href":"https:\/\/api.w.org\/{rel}","templated":true}]}}