{"id":100146,"date":"2025-10-06T21:33:12","date_gmt":"2025-10-06T21:33:12","guid":{"rendered":"https:\/\/www.europesays.com\/pt\/100146\/"},"modified":"2025-10-06T21:33:12","modified_gmt":"2025-10-06T21:33:12","slug":"o-universo-dos-quadrinhos-vai-ser-discutido-nesta-terca-7-na-40a-feira-do-livro-de-canoas-prefeitura-municipal-de-canoas","status":"publish","type":"post","link":"https:\/\/www.europesays.com\/pt\/100146\/","title":{"rendered":"O universo dos Quadrinhos vai ser discutido nesta ter\u00e7a (7) na 40\u00aa Feira do Livro de Canoas \u2013 Prefeitura Municipal de Canoas"},"content":{"rendered":"<p>\t\t\t\t\t\t\t\t\t\t\t\t\tClique para ouvir esta not\u00edcia<\/p>\n<p class=\"addtoany_title\">Compartilhe<\/p>\n<p>\u00a0<\/p>\n<p>Na ter\u00e7a-feira (7) a 40\u00aa Feira do Livro de Canoas ter\u00e1 um bate-papo sobre \u201cO universo das HQs\u201d, com o escritor Matheus Iparraguirre. O Encontro ser\u00e1 com alunos dos anos finais do Ensino Fundamental e do Ensino M\u00e9dio, no Audit\u00f3rio Sady Schivitz, \u00e0s 9h e \u00e0s 14h. J\u00e1 a segunda (6) chuvosa foi marcada por uma programa\u00e7\u00e3o diversificada, para todas as idades, que incluiu Oficina de Braille, Coral interativo, Teatro, sess\u00f5es de aut\u00f3grafos e conta\u00e7\u00e3o de hist\u00f3rias.\u00a0<\/p>\n<p>\u00a0<\/p>\n<p>Os alunos da EMEF Jo\u00e3o Palma da Silva participaram da Oficina de Braille, com o professor Eri Domingos Da Silva, do NAPPB (N\u00facleo de Apoio Pedag\u00f3gico e Produ\u00e7\u00e3o Braille), de Canoas. Para ele, a inclus\u00e3o deve ser trabalhada nos seus recursos, tendo ou n\u00e3o alunos em cada turma. O Braille \u00e9 um recurso de acessibilidade para a leitura escrita. O\u2019<\/p>\n<p>\u00e9 um espa\u00e7o de produ\u00e7\u00e3o Braille, ent\u00e3o mesmo que a escola n\u00e3o tenha esse suporte, o NAPPB oferece esse recurso, assim como a Adevic tamb\u00e9m disp\u00f5e desse recurso para auxiliar a escola em casos de alunos cegos, ou com baixa vis\u00e3o. \u201cO Braille \u00e9 o encontro do leitor com a leitura. \u00c9 como se ele tivesse lendo um livro em tinta e manuseando-o. N\u00e3o que a parte de recursos tecnol\u00f3gicos n\u00e3o seja importante, mas tendo um livro, ou um material em Braille, acontece esse encontro direto com o conhecimento. E n\u00f3s temos que difundir isso, fomentar o Braille como recurso, porque ali na frente os alunos v\u00e3o encontrar pessoas cegas, ou com baixa vis\u00e3o no seu dia a dia. Ent\u00e3o \u00e9 importante que eles conhe\u00e7am, mesmo n\u00e3o tendo algum colega com defici\u00eancia visual\u201d.<\/p>\n<p>\u00a0<\/p>\n<p>Mateus Rian, de 13 anos, do 8\u00b0 ano, disse que foram aprender um pouco mais sobre libras, a linguagem das pessoas cegas. \u201cSaber como elas entendem o que est\u00e1 escrito no papel e como conseguem escrever com a m\u00e1quina de Braille, o equipamento que fura o papel pra conseguir identificar a letra e o papel. Assim como a forma que a gente pode auxiliar as pessoas cegas a locomover-se e tamb\u00e9m a entender a sua linguagem e a ajud\u00e1-los, caso eles precisem\u201d.<\/p>\n<p>\u00a0<\/p>\n<p>Confira a programa\u00e7\u00e3o desta ter\u00e7a-feira (7):<\/p>\n<p>\u00a0<\/p>\n<p>9h \u2013 Encontro com o escritor \u201cO universo das HQs\u201d \u2013 Audit\u00f3rio Sady Schivitz \u2013 Matheus Iparraguirre \u2013 Anos Finais e EM<\/p>\n<p>\u00a0<\/p>\n<p>9h \u2013 Conta\u00e7\u00e3o de hist\u00f3rias \u2013 Bebeteca da Biblioteca P\u00fablica \u2013 com Duda M\u00e1ximo, S\u00edl Graebin, Jonatan Ortiz Borges \u2013 Educa\u00e7\u00e3o Infantil<\/p>\n<p>\u00a0<\/p>\n<p>10h \u2013 Teatro de rua de mamulengos (bonecos)\u00a0 \u201cAs Gineteadas do Valente Toninho Corre Mundo na Est\u00e2ncia de Cid\u00e3o Dornelles\u201d \u2013 \u00c1rea Central \u2013 Grupo TIA \u2013 Livre<\/p>\n<p>\u00a0<\/p>\n<p>10h15 \u2013 Conta\u00e7\u00e3o de hist\u00f3rias \u2013 Bebeteca da Biblioteca P\u00fablica \u2013 com Duda M\u00e1ximo, S\u00edl Graebin, Jonatan Ortiz Borges \u2013 Educa\u00e7\u00e3o Infantil<\/p>\n<p>\u00a0<\/p>\n<p>10h15 \u2013 Encontro com o escritor \u201cLer \u00e9 disso que eu gosto\u201d \u2013 Audit\u00f3rio Sady Schivitz \u2013 com Pedro Paulo Graczcki \u2013 Anos Iniciais<\/p>\n<p>\u00a0<\/p>\n<p>14h \u2013 Encontro com o escritor \u201cO universo das HQs\u201d \u2013 Audit\u00f3rio Sady Schivitz \u2013 Matheus Iparraguirre \u2013 Anos Finais e EM<\/p>\n<p>\u00a0<\/p>\n<p>14h \u2013 Conta\u00e7\u00e3o de hist\u00f3rias com Duda M\u00e1ximo, S\u00edl Graebin, Jonatan Ortiz Borges \u2013 Bebeteca da Biblioteca P\u00fablica \u2013 Educa\u00e7\u00e3o Infantil<\/p>\n<p>\u00a0<\/p>\n<p>15h \u2013 Espet\u00e1culo de dan\u00e7a \u201cCoreografia Em Sintonia\u201d \u2013 \u00c1rea Central \u2013 com Norelle Pereira \u2013 Livre<\/p>\n<p>\u00a0<\/p>\n<p>15h \u2013 Conta\u00e7\u00e3o de hist\u00f3rias com Duda M\u00e1ximo, S\u00edl Graebin, Jonatan Ortiz Borges \u2013 Bebeteca da Biblioteca P\u00fablica \u2013 Educa\u00e7\u00e3o Infantil<\/p>\n<p>\u00a0<\/p>\n<p>15h30 \u2013 Encontro com o escritor \u201cLer, \u00e9 disso que eu gosto\u201d \u2013 Audit\u00f3rio Sady Schivitz \u2013 com Pedro Paulo Graczcki\u00a0 \u2013 Anos Iniciais<\/p>\n<p>\u00a0<\/p>\n<p>16h \u2013 Sess\u00f5es de Aut\u00f3grafos:<\/p>\n<p>\u00a0<\/p>\n<p>\u201cA can\u00e7\u00e3o das flores\u201d \u2013 Espa\u00e7o do Escritor \u2013 Helena Bertoldo da Silva \u2013 Livre<\/p>\n<p>\u00a0<\/p>\n<p>\u201cTalvez felizes para sempre\u201d \u2013 Andressa Flores Miranda \u2013 Livre<\/p>\n<p>\u00a0<\/p>\n<p>18h \u00e0s 20h \u2013 Sess\u00e3o de aut\u00f3grafos \u201cPequenos autores, grandes hist\u00f3rias\u201d \u2013 Espa\u00e7o do escritor \u2013 Livre<\/p>\n<p>\u00a0<\/p>\n<p>19h30 \u2013 Espet\u00e1culo teatral \u201cO tempo n\u00e3o para\u201d \u2013 Audit\u00f3rio Sady Schivitz \u2013 Teatro Luz &amp; Cena \u2013 EJA\/Adulto<\/p>\n","protected":false},"excerpt":{"rendered":"Clique para ouvir esta not\u00edcia Compartilhe \u00a0 Na ter\u00e7a-feira (7) a 40\u00aa Feira do Livro de Canoas ter\u00e1&hellip;\n","protected":false},"author":2,"featured_media":100147,"comment_status":"","ping_status":"","sticky":false,"template":"","format":"standard","meta":{"footnotes":""},"categories":[143],"tags":[169,114,115,170,32,33],"class_list":{"0":"post-100146","1":"post","2":"type-post","3":"status-publish","4":"format-standard","5":"has-post-thumbnail","7":"category-livros","8":"tag-books","9":"tag-entertainment","10":"tag-entretenimento","11":"tag-livros","12":"tag-portugal","13":"tag-pt"},"share_on_mastodon":{"url":"","error":""},"_links":{"self":[{"href":"https:\/\/www.europesays.com\/pt\/wp-json\/wp\/v2\/posts\/100146","targetHints":{"allow":["GET"]}}],"collection":[{"href":"https:\/\/www.europesays.com\/pt\/wp-json\/wp\/v2\/posts"}],"about":[{"href":"https:\/\/www.europesays.com\/pt\/wp-json\/wp\/v2\/types\/post"}],"author":[{"embeddable":true,"href":"https:\/\/www.europesays.com\/pt\/wp-json\/wp\/v2\/users\/2"}],"replies":[{"embeddable":true,"href":"https:\/\/www.europesays.com\/pt\/wp-json\/wp\/v2\/comments?post=100146"}],"version-history":[{"count":0,"href":"https:\/\/www.europesays.com\/pt\/wp-json\/wp\/v2\/posts\/100146\/revisions"}],"wp:featuredmedia":[{"embeddable":true,"href":"https:\/\/www.europesays.com\/pt\/wp-json\/wp\/v2\/media\/100147"}],"wp:attachment":[{"href":"https:\/\/www.europesays.com\/pt\/wp-json\/wp\/v2\/media?parent=100146"}],"wp:term":[{"taxonomy":"category","embeddable":true,"href":"https:\/\/www.europesays.com\/pt\/wp-json\/wp\/v2\/categories?post=100146"},{"taxonomy":"post_tag","embeddable":true,"href":"https:\/\/www.europesays.com\/pt\/wp-json\/wp\/v2\/tags?post=100146"}],"curies":[{"name":"wp","href":"https:\/\/api.w.org\/{rel}","templated":true}]}}