{"id":100156,"date":"2025-10-06T21:42:08","date_gmt":"2025-10-06T21:42:08","guid":{"rendered":"https:\/\/www.europesays.com\/pt\/100156\/"},"modified":"2025-10-06T21:42:08","modified_gmt":"2025-10-06T21:42:08","slug":"juiza-trava-tropas-em-portland-e-illinois-vai-a-tribunal-tentar-impedi-las-em-chicago-eua","status":"publish","type":"post","link":"https:\/\/www.europesays.com\/pt\/100156\/","title":{"rendered":"Ju\u00edza trava tropas em Portland e Illinois vai a tribunal tentar impedi-las em Chicago | EUA"},"content":{"rendered":"<p>Depois de, no domingo, uma ju\u00edza federal ter impedido, pela segunda vez em dois dias, o Presidente Donald Trump de <a href=\"https:\/\/www.publico.pt\/2025\/09\/27\/mundo\/noticia\/trump-anuncia-envio-tropas-portland-lidar-terroristas-domesticos-2148804\" rel=\"nofollow noopener\" target=\"_blank\">enviar tropas da Guarda Nacional para o Oregon<\/a>, reiterando que <a href=\"https:\/\/www.publico.pt\/2025\/09\/29\/mundo\/noticia\/oregon-processa-trump-travar-envio-guarda-nacional-2148930\" rel=\"nofollow noopener\" target=\"_blank\">n\u00e3o h\u00e1 fundamento legal <\/a>para o envio de militares para a cidade de Portland, soube-se esta segunda-feira que o estado do Illinois tamb\u00e9m vai processar a Administra\u00e7\u00e3o Trump pela decis\u00e3o de envio de soldados para <a href=\"https:\/\/www.publico.pt\/2025\/10\/05\/mundo\/noticia\/trump-mobiliza-guarda-nacional-chicago-conter-crime-controlo-2149686\" rel=\"nofollow noopener\" target=\"_blank\">Chicago<\/a>.<\/p>\n<p>A ju\u00edza distrital dos EUA Karin Immergut disse no domingo que a tentativa do Governo dos EUA de contornar a sua ordem original (mobilizando tropas da Guarda da Calif\u00f3rnia e do Texas para Portland) era \u201cuma viola\u00e7\u00e3o directa\u201d da sua decis\u00e3o anterior, que proibia Trump de federalizar 200 membros da Guarda Nacional do Oregon para envi\u00e1-los para a cidade mais populosa do estado (e governada pelo democrata Keith Wilson), explica o Politico.<\/p>\n<p>Quer <a href=\"https:\/\/www.publico.pt\/2025\/06\/11\/mundo\/noticia\/gavin-newsom-california-primeira-nao-vai-acabar-aqui-2136348\" rel=\"nofollow noopener\" target=\"_blank\">a Calif\u00f3rnia<\/a> quer o Oregon recorreram \u00e0 justi\u00e7a para travar o envio de militares para supostamente \u201capoiar a Ag\u00eancia de Imigra\u00e7\u00e3o e Alf\u00e2ndega dos EUA [ICE] e outros funcion\u00e1rios federais no desempenho das suas fun\u00e7\u00f5es oficiais\u201d, como justificou a Casa Branca, que desde o assassinato de Charlie Kirk intensificou a <a href=\"https:\/\/www.publico.pt\/2025\/09\/29\/mundo\/noticia\/apos-kirk-trump-intensifica-militarizacao-ruas-perseguicao-adversarios-2148967\" rel=\"nofollow noopener\" target=\"_blank\">persegui\u00e7\u00e3o aos seus advers\u00e1rios pol\u00edticos<\/a>.<\/p>\n<p>Esta segunda-feira, dia 6 de Outubro, o estado do Illinois anunciou que tamb\u00e9m ir\u00e1 para tribunal tentar impedir que o Presidente Trump seja bem-sucedido na inten\u00e7\u00e3o de enviar para Chicago um contingente de 700 militares.<\/p>\n<p>A ac\u00e7\u00e3o judicial tem com objectivo bloquear a decis\u00e3o tomada no fim-de-semana de federalizar at\u00e9 300 membros da Guarda Nacional do Illinois, apesar das objec\u00e7\u00f5es do governador democrata J.B. Pritzker, e outros 400 militares do Texas (onde Trump conta com o apoio do governador republicano Greg Abbott) e envi\u00e1-los para as ruas de Chicago (liderada pelo democrata Brandon Johnson), explica a Reuters.<\/p>\n<p>\u201cEstes avan\u00e7os na, h\u00e1 muito declarada, \u2018guerra\u2019 do presidente Trump contra Chicago e Illinois s\u00e3o ilegais e perigosos\u201d, diz a queixa, citada pela Reuters.<\/p>\n<p>O governador J.B. Pritzker j\u00e1 acusou Donald de Trump de \u201cestar a fabricar uma crise\u201d de seguran\u00e7a, mas, at\u00e9 agora, o Presidente foi bem-sucedido no <a href=\"https:\/\/www.publico.pt\/2025\/08\/25\/mundo\/noticia\/guarda-nacional-inicia-patrulhas-armadas-washington-dc-2144914\" rel=\"nofollow noopener\" target=\"_blank\">envio de tropas para Washington D.C. <\/a>(Distrito de Columbia) e para Los Angeles (Calif\u00f3rnia), argumentando que estas cidades governadas por democratas (Muriel Bowser, no caso de Washington D.C. e Karen Bass, no caso de Los Angeles) s\u00e3o v\u00edtimas de \u201ccriminalidade descontrolada\u201d e \u201cinsurrei\u00e7\u00e3o urbana\u201d.<\/p>\n<p>Isto depois de terem sido palco de protestos contra as pol\u00edticas de imigra\u00e7\u00e3o da Administra\u00e7\u00e3o Trump.<\/p>\n<p>Tal como Oregon (cuja governadora \u00e9 Tina Kotek, do Partido Democrata) e Illinois, Washington D.C. tamb\u00e9m <a href=\"https:\/\/www.publico.pt\/2025\/09\/04\/mundo\/noticia\/washington-dc-processa-administracao-trump-mobilizacao-guarda-nacional-2146041\" rel=\"nofollow noopener\" target=\"_blank\">contestou em tribunal <\/a>o envio de tropas, em Agosto, para as ruas da capital norte-americana.<\/p>\n<p>F\u00ea-lo precisamente dois dias depois de um juiz federal ter decretado que a decis\u00e3o da Administra\u00e7\u00e3o Trump de <a href=\"https:\/\/www.publico.pt\/2025\/06\/08\/mundo\/noticia\/trump-mobiliza-guarda-nacional-travar-protestos-los-angeles-fuzileiros-prontidao-2135974\" rel=\"nofollow noopener\" target=\"_blank\">mobilizar<\/a> 300 elementos da Guarda Nacional para ac\u00e7\u00f5es de policiamento na Calif\u00f3rnia, em Junho, <a href=\"https:\/\/www.publico.pt\/2025\/09\/02\/mundo\/noticia\/juiz-bloqueia-mobilizacao-militares-los-angeles-trump-violou-lei-federal-2145734\" rel=\"nofollow noopener\" target=\"_blank\">havia sido ilegal<\/a>, ordenando a desmobiliza\u00e7\u00e3o dos militares que ainda estivessem em Los Angeles.<\/p>\n<p>No caso de Washington D.C., que se queixou de estar a ser alvo de uma \u201cocupa\u00e7\u00e3o militar involunt\u00e1ria\u201d, ainda n\u00e3o h\u00e1 uma decis\u00e3o judicial.<\/p>\n<p>Relativamente a Portland, a ju\u00edza Immergut, nomeada por Trump, sublinhou n\u00e3o existirem provas de que os recentes protestos na cidade tornassem for\u00e7osa a presen\u00e7a de tropas federalizadas da Guarda Nacional.<\/p>\n<p>Segundo a BBC, a ju\u00edza defendeu que o uso das for\u00e7as armadas para reprimir os dist\u00farbios sem o consentimento do estado de Oregon colocava em risco a soberania desse estado e de outros, e inflamava as tens\u00f5es na cidade de Portland.<\/p>\n<p>A decis\u00e3o foi saudada pelo governador da Calif\u00f3rnia, o democrata Gavin Newsom, que acusou Trump de tentar transformar os soldados da Guarda californiana \u201cem instrumentos da sua vontade pol\u00edtica\u201d. \u201cEmbora a nossa luta continue, esta noite o Estado de direito disse \u2018nem pensar\u2019\u201d, sublinhou Newsom.<\/p>\n<p>Na plataforma X, o vice-chefe de gabinete de Trump, Stephen Miller, qualificou a decis\u00e3o de como \u201cuma das viola\u00e7\u00f5es mais flagrantes e estrondosas da ordem constitucional que j\u00e1 vimos \u2014 e \u00e9 mais um exemplo dos esfor\u00e7os incessantes para anular as elei\u00e7\u00f5es de 2024 por decreto\u201d.<\/p>\n<p>A ordem de restri\u00e7\u00e3o tempor\u00e1ria permanecer\u00e1 em vigor at\u00e9 pelo menos 19 de Outubro, mas a BBC diz que a Administra\u00e7\u00e3o Trump dever\u00e1 recorrer rapidamente desta decis\u00e3o.<\/p>\n","protected":false},"excerpt":{"rendered":"Depois de, no domingo, uma ju\u00edza federal ter impedido, pela segunda vez em dois dias, o Presidente Donald&hellip;\n","protected":false},"author":2,"featured_media":100157,"comment_status":"","ping_status":"","sticky":false,"template":"","format":"standard","meta":{"footnotes":""},"categories":[50],"tags":[27,28,92,7618,413,15,16,14,25,26,21,22,62,12,13,19,20,542,9725,23,24,17,18,29,30,31,63,64,65],"class_list":{"0":"post-100156","1":"post","2":"type-post","3":"status-publish","4":"format-standard","5":"has-post-thumbnail","7":"category-mundo","8":"tag-breaking-news","9":"tag-breakingnews","10":"tag-donald-trump","11":"tag-estados-unidos-da-america","12":"tag-eua","13":"tag-featured-news","14":"tag-featurednews","15":"tag-headlines","16":"tag-latest-news","17":"tag-latestnews","18":"tag-main-news","19":"tag-mainnews","20":"tag-mundo","21":"tag-news","22":"tag-noticias","23":"tag-noticias-principais","24":"tag-noticiasprincipais","25":"tag-para-redes","26":"tag-partido-democrata","27":"tag-principais-noticias","28":"tag-principaisnoticias","29":"tag-top-stories","30":"tag-topstories","31":"tag-ultimas","32":"tag-ultimas-noticias","33":"tag-ultimasnoticias","34":"tag-world","35":"tag-world-news","36":"tag-worldnews"},"share_on_mastodon":{"url":"","error":""},"_links":{"self":[{"href":"https:\/\/www.europesays.com\/pt\/wp-json\/wp\/v2\/posts\/100156","targetHints":{"allow":["GET"]}}],"collection":[{"href":"https:\/\/www.europesays.com\/pt\/wp-json\/wp\/v2\/posts"}],"about":[{"href":"https:\/\/www.europesays.com\/pt\/wp-json\/wp\/v2\/types\/post"}],"author":[{"embeddable":true,"href":"https:\/\/www.europesays.com\/pt\/wp-json\/wp\/v2\/users\/2"}],"replies":[{"embeddable":true,"href":"https:\/\/www.europesays.com\/pt\/wp-json\/wp\/v2\/comments?post=100156"}],"version-history":[{"count":0,"href":"https:\/\/www.europesays.com\/pt\/wp-json\/wp\/v2\/posts\/100156\/revisions"}],"wp:featuredmedia":[{"embeddable":true,"href":"https:\/\/www.europesays.com\/pt\/wp-json\/wp\/v2\/media\/100157"}],"wp:attachment":[{"href":"https:\/\/www.europesays.com\/pt\/wp-json\/wp\/v2\/media?parent=100156"}],"wp:term":[{"taxonomy":"category","embeddable":true,"href":"https:\/\/www.europesays.com\/pt\/wp-json\/wp\/v2\/categories?post=100156"},{"taxonomy":"post_tag","embeddable":true,"href":"https:\/\/www.europesays.com\/pt\/wp-json\/wp\/v2\/tags?post=100156"}],"curies":[{"name":"wp","href":"https:\/\/api.w.org\/{rel}","templated":true}]}}