{"id":100179,"date":"2025-10-06T22:06:11","date_gmt":"2025-10-06T22:06:11","guid":{"rendered":"https:\/\/www.europesays.com\/pt\/100179\/"},"modified":"2025-10-06T22:06:11","modified_gmt":"2025-10-06T22:06:11","slug":"6-fatos-que-toda-mulher-deve-saber-sobre-o-cancer-de-mama","status":"publish","type":"post","link":"https:\/\/www.europesays.com\/pt\/100179\/","title":{"rendered":"6 fatos que toda mulher deve saber sobre o c\u00e2ncer de mama"},"content":{"rendered":"<p><img fetchpriority=\"high\" decoding=\"async\" class=\"w-fit lg:w-full\" loading=\"eager\" src=\"https:\/\/www.europesays.com\/pt\/wp-content\/uploads\/2025\/10\/5440346_d57ef854ed9981d.jpg\" title=\"AYO Production \/ Shutterstock | Portal EdiCase\" alt=\"AYO Production \/ Shutterstock | Portal EdiCase\" width=\"700\" height=\"477\"\/>O c\u00e2ncer de mama \u00e9 a doen\u00e7a oncol\u00f3gica mais comum nas mulheres AYO Production \/ Shutterstock | Portal EdiCase<\/p>\n<p>O c\u00e2ncer de mama \u00e9 a doen\u00e7a oncol\u00f3gica mais comum entre as mulheres em todo o mundo e representa um importante desafio de sa\u00fade p\u00fablica, segundo a Organiza\u00e7\u00e3o Mundial da Sa\u00fade (OMS). O Outubro Rosa refor\u00e7a a import\u00e2ncia de conscientizar a popula\u00e7\u00e3o sobre estrat\u00e9gias de preven\u00e7\u00e3o e rastreamento, possibilitando o diagn\u00f3stico precoce que, aliado aos avan\u00e7os nos tratamentos, contribui para melhorar a sobrevida e a qualidade de vida das pacientes.<\/p>\n<p>Para a Dra. Sara Batista Micheletti, m\u00e9dica oncologista da Croma Oncologia, rede especializada em gest\u00e3o integrada da jornada oncol\u00f3gica, a data \u00e9 uma oportunidade para refor\u00e7ar a import\u00e2ncia do <strong>cuidado<\/strong> cont\u00ednuo com a sa\u00fade das mamas e da dissemina\u00e7\u00e3o de informa\u00e7\u00f5es corretas sobre a doen\u00e7a. Para esclarecer d\u00favidas frequentes da popula\u00e7\u00e3o, a especialista destaca seis informa\u00e7\u00f5es essenciais sobre o c\u00e2ncer de mama. Confira!<\/p>\n<p>1. Como diferenciar altera\u00e7\u00f5es comuns nas mamas<\/p>\n<p>\u00c9 fundamental ficar atenta a mudan\u00e7as nas mamas. N\u00f3dulos endurecidos na mama ou na axila, altera\u00e7\u00f5es na pele que deixam a regi\u00e3o com apar\u00eancia enrugada ou \u201ccom buraquinhos\u201d semelhantes \u00e0 casca de fruta, sa\u00edda de sangue pelo mamilo ou mudan\u00e7as no formato da mama podem indicar a doen\u00e7a.\u00a0<\/p>\n<p>Muitas altera\u00e7\u00f5es, no entanto, n\u00e3o s\u00e3o graves, como os cistos e n\u00f3dulos benignos, por exemplo, que costumam se mover ao toque, podem causar dor e n\u00e3o deformam a pele. Somente uma investiga\u00e7\u00e3o com exames de imagem e bi\u00f3psia confirmar\u00e1 o <strong>diagn\u00f3stico<\/strong>.<\/p>\n<p>2. Fatores de risco al\u00e9m do hist\u00f3rico familiar<\/p>\n<p>A maioria dos casos de c\u00e2ncer de mama n\u00e3o est\u00e1 ligada ao hist\u00f3rico familiar. De acordo com diretrizes internacionais, como as da National Comprehensive Cancer Network (NCCN) e da European Society for Medical Oncology (ESMO), apenas de 5% a 10% dos diagn\u00f3sticos est\u00e3o relacionados a muta\u00e7\u00f5es gen\u00e9ticas herdadas. Isso significa que, em cerca de 90% dos casos, outros fatores, como idade, caracter\u00edsticas hormonais e estilo de vida, t\u00eam maior influ\u00eancia no desenvolvimento da doen\u00e7a.\u00a0<\/p>\n<p>Outros fatores importantes incluem idade acima de 50 anos, excesso de peso, vida sedent\u00e1ria, consumo de \u00e1lcool e tempo prolongado de exposi\u00e7\u00e3o ao estrog\u00eanio, seja por menstrua\u00e7\u00e3o precoce, <strong>menopausa<\/strong> tardia ou reposi\u00e7\u00e3o hormonal prolongada.<\/p>\n<p><img decoding=\"async\" class=\"w-fit lg:w-full\" loading=\"eager\" src=\"https:\/\/www.europesays.com\/pt\/wp-content\/uploads\/2025\/10\/5440348_ccae95928f1db47.jpg\" title=\"Drazen Zigic \/ Shutterstock | Portal EdiCase\" alt=\"Drazen Zigic \/ Shutterstock | Portal EdiCase\" width=\"700\" height=\"477\"\/>O autoexame ajuda a mulher a perceber poss\u00edveis altera\u00e7\u00f5es na mama Drazen Zigic \/ Shutterstock | Portal EdiCase<\/p>\n<p>3. A import\u00e2ncia da preven\u00e7\u00e3o e do rastreamento<\/p>\n<p>O cuidado com as mamas deve come\u00e7ar cedo, mas o rastreamento regular por meio de mamografia \u00e9 indicado a partir dos 40 anos. O autoexame, embora n\u00e3o substitua a <strong>mamografia<\/strong>, ajuda a mulher a conhecer o pr\u00f3prio corpo e perceber altera\u00e7\u00f5es precocemente. Quanto mais cedo a doen\u00e7a for detectada, maiores s\u00e3o as chances de sucesso do tratamento.<\/p>\n<p>4. O c\u00e2ncer de mama tamb\u00e9m pode afetar homens<\/p>\n<p>Embora raro, representando cerca de 1% dos casos, conforme a NCCN, o c\u00e2ncer de mama tamb\u00e9m pode ocorrer em homens. O sinal mais comum \u00e9 um n\u00f3dulo firme atr\u00e1s do mamilo. Como n\u00e3o existe rastreamento de rotina, o diagn\u00f3stico costuma ocorrer mais tardiamente, o que pode atrasar o tratamento. Por isso, homens tamb\u00e9m devem ficar atentos a qualquer mudan\u00e7a nas mamas.<\/p>\n<p>5. Avan\u00e7os nos tratamentos e perspectiva de cura<\/p>\n<p>Quando descoberto cedo, o <strong>c\u00e2ncer de mama<\/strong> tem altas chances de cura. Hoje, h\u00e1 cirurgias menos agressivas, radioterapia mais precisa, terapias-alvo, imunoterapia e medicamentos orais que bloqueiam muta\u00e7\u00f5es espec\u00edficas. Esses avan\u00e7os aumentam a sobrevida e permitem que muitas mulheres mantenham qualidade de vida durante e ap\u00f3s o tratamento.<\/p>\n<p>6. Mastectomia preventiva e pr\u00f3teses de silicone<\/p>\n<p>A mastectomia preventiva, ou cirurgia redutora de risco, \u00e9 indicada para mulheres com alto risco de desenvolver c\u00e2ncer de mama devido a altera\u00e7\u00f5es gen\u00e9ticas heredit\u00e1rias. \u00c9 fundamental que mulheres com hist\u00f3rico familiar de c\u00e2ncer de mama ou altera\u00e7\u00f5es gen\u00e9ticas conhecidas consultem mastologista, oncologista e oncogeneticista para planejar a melhor forma de preven\u00e7\u00e3o.\u00a0<\/p>\n<p>Vale destacar que o uso de pr\u00f3teses de <strong>silicone<\/strong> n\u00e3o aumenta o risco de c\u00e2ncer. Em alguns casos, pode tornar a leitura da mamografia um pouco mais dif\u00edcil, mas existem t\u00e9cnicas espec\u00edficas que garantem a realiza\u00e7\u00e3o de exames precisos, mesmo com o uso de pr\u00f3tese.<\/p>\n","protected":false},"excerpt":{"rendered":"O c\u00e2ncer de mama \u00e9 a doen\u00e7a oncol\u00f3gica mais comum nas mulheres AYO Production \/ Shutterstock | Portal&hellip;\n","protected":false},"author":2,"featured_media":100180,"comment_status":"","ping_status":"","sticky":false,"template":"","format":"standard","meta":{"footnotes":""},"categories":[86],"tags":[4227,116,32,33,117],"class_list":{"0":"post-100179","1":"post","2":"type-post","3":"status-publish","4":"format-standard","5":"has-post-thumbnail","7":"category-saude","8":"tag-edi-case","9":"tag-health","10":"tag-portugal","11":"tag-pt","12":"tag-saude"},"share_on_mastodon":{"url":"","error":""},"_links":{"self":[{"href":"https:\/\/www.europesays.com\/pt\/wp-json\/wp\/v2\/posts\/100179","targetHints":{"allow":["GET"]}}],"collection":[{"href":"https:\/\/www.europesays.com\/pt\/wp-json\/wp\/v2\/posts"}],"about":[{"href":"https:\/\/www.europesays.com\/pt\/wp-json\/wp\/v2\/types\/post"}],"author":[{"embeddable":true,"href":"https:\/\/www.europesays.com\/pt\/wp-json\/wp\/v2\/users\/2"}],"replies":[{"embeddable":true,"href":"https:\/\/www.europesays.com\/pt\/wp-json\/wp\/v2\/comments?post=100179"}],"version-history":[{"count":0,"href":"https:\/\/www.europesays.com\/pt\/wp-json\/wp\/v2\/posts\/100179\/revisions"}],"wp:featuredmedia":[{"embeddable":true,"href":"https:\/\/www.europesays.com\/pt\/wp-json\/wp\/v2\/media\/100180"}],"wp:attachment":[{"href":"https:\/\/www.europesays.com\/pt\/wp-json\/wp\/v2\/media?parent=100179"}],"wp:term":[{"taxonomy":"category","embeddable":true,"href":"https:\/\/www.europesays.com\/pt\/wp-json\/wp\/v2\/categories?post=100179"},{"taxonomy":"post_tag","embeddable":true,"href":"https:\/\/www.europesays.com\/pt\/wp-json\/wp\/v2\/tags?post=100179"}],"curies":[{"name":"wp","href":"https:\/\/api.w.org\/{rel}","templated":true}]}}