{"id":100189,"date":"2025-10-06T22:13:31","date_gmt":"2025-10-06T22:13:31","guid":{"rendered":"https:\/\/www.europesays.com\/pt\/100189\/"},"modified":"2025-10-06T22:13:31","modified_gmt":"2025-10-06T22:13:31","slug":"catarina-miranda-lanca-bicada-a-ex-namorada-de-afonso-apos-ser-pedida-em-namoro-secret-story","status":"publish","type":"post","link":"https:\/\/www.europesays.com\/pt\/100189\/","title":{"rendered":"Catarina Miranda lan\u00e7a bicada \u00e0 Ex-namorada de Afonso ap\u00f3s ser pedida em namoro &#8211; Secret Story"},"content":{"rendered":"<p style=\"margin-bottom:11px\">Catarina Miranda foi <a href=\"https:\/\/tvi.iol.pt\/secretstory\/catarina-miranda\/afonso-leitao\/o-amor-venceu-os-detalhes-secretos-do-anel-e-do-pedido-de-namoro-de-afonso-leitao-a-catarina-miranda\" rel=\"nofollow noopener\" target=\"_blank\">pedida em namoro por Afonso Leit\u00e3o na estreia do programa Momento Certo<\/a>, da TVI, este s\u00e1bado, dia 4 de outubro. Os dois deram uma entrevista a Jo\u00e3o Patr\u00edcio, que culminou com a entrega do anel.<\/p>\n<p>A finalista do Big Brother Ver\u00e3o n\u00e3o deixou passar o momento em claro sem mandar farpas para <strong>J\u00e9ssica Vieira<\/strong>, vencedora do Big Brother Ver\u00e3o, e ex-namorada de Afonso Leit\u00e3o. Enquanto elogiava a postura de Afonso Leit\u00e3o, Catarina Miranda mandava indiretas para J\u00e9ssica Vieira.<\/p>\n<p>\u00abTenho muita pena que as pessoas vejam o Afonso de uma maneira m\u00e1 &#8211; principalmente [por causa] das mulheres que j\u00e1 passaram pela vida dele, porque eu n\u00e3o fa\u00e7o isso com os homens que j\u00e1 passaram pela minha vida &#8211; e que tenham criado uma imagem do Afonso que n\u00e3o corresponde \u00e0 realidade\u00bb, declarou Catarina Miranda.<\/p>\n<p>\u00abL\u00e1 dentro, a certa altura, muito se falou da ex-rela\u00e7\u00e3o que ele teve e ele chegou a perguntar-me: &#8216;Achas mesmo que eu a tra\u00ed?&#8217;. Eu olhei para ele e disse-lhe: &#8216;N\u00e3o. Tenho a certeza. Ponho as minhas m\u00e3os no fogo. Sei que n\u00e3o o fizeste&#8217;. Ent\u00e3o, tenho muita pena que tenha sido essa a imagem que ele criou\u00bb, acrescentou.<\/p>\n<p>\u00abAcho que ele se portou como um senhor. O que me fez apaixonar-me por ele foi saber que ele poderia ter dito imensa coisa &#8211; que nem eu pr\u00f3pria sabia &#8211; e ele esteve sempre calado. Sempre\u00bb, disse ainda, Catarina Miranda.<\/p>\n<p><strong>Veja aqui o v\u00eddeo do pedido de namoro em direto:\u00a0<\/strong><\/p>\n<p><strong>Percorra a galeria e veja todas as imagens do pedido de namoro de Afonso Leit\u00e3o a Catarina Miranda<\/strong><\/p>\n","protected":false},"excerpt":{"rendered":"Catarina Miranda foi pedida em namoro por Afonso Leit\u00e3o na estreia do programa Momento Certo, da TVI, este&hellip;\n","protected":false},"author":2,"featured_media":100190,"comment_status":"","ping_status":"","sticky":false,"template":"","format":"standard","meta":{"footnotes":""},"categories":[8],"tags":[2031,18706,27,28,342,18705,15,16,14,1417,25,26,21,22,12,13,19,20,32,23,24,33,17,18,29,30,31,18704],"class_list":{"0":"post-100189","1":"post","2":"type-post","3":"status-publish","4":"format-standard","5":"has-post-thumbnail","7":"category-principais-noticias","8":"tag-afonso-leitao","9":"tag-bastidores-secret-story","10":"tag-breaking-news","11":"tag-breakingnews","12":"tag-catarina-miranda","13":"tag-entrevistas-concorrentes-tvi","14":"tag-featured-news","15":"tag-featurednews","16":"tag-headlines","17":"tag-jessica-vieira","18":"tag-latest-news","19":"tag-latestnews","20":"tag-main-news","21":"tag-mainnews","22":"tag-news","23":"tag-noticias","24":"tag-noticias-principais","25":"tag-noticiasprincipais","26":"tag-portugal","27":"tag-principais-noticias","28":"tag-principaisnoticias","29":"tag-pt","30":"tag-top-stories","31":"tag-topstories","32":"tag-ultimas","33":"tag-ultimas-noticias","34":"tag-ultimasnoticias","35":"tag-vida-fora-da-casa"},"share_on_mastodon":{"url":"","error":""},"_links":{"self":[{"href":"https:\/\/www.europesays.com\/pt\/wp-json\/wp\/v2\/posts\/100189","targetHints":{"allow":["GET"]}}],"collection":[{"href":"https:\/\/www.europesays.com\/pt\/wp-json\/wp\/v2\/posts"}],"about":[{"href":"https:\/\/www.europesays.com\/pt\/wp-json\/wp\/v2\/types\/post"}],"author":[{"embeddable":true,"href":"https:\/\/www.europesays.com\/pt\/wp-json\/wp\/v2\/users\/2"}],"replies":[{"embeddable":true,"href":"https:\/\/www.europesays.com\/pt\/wp-json\/wp\/v2\/comments?post=100189"}],"version-history":[{"count":0,"href":"https:\/\/www.europesays.com\/pt\/wp-json\/wp\/v2\/posts\/100189\/revisions"}],"wp:featuredmedia":[{"embeddable":true,"href":"https:\/\/www.europesays.com\/pt\/wp-json\/wp\/v2\/media\/100190"}],"wp:attachment":[{"href":"https:\/\/www.europesays.com\/pt\/wp-json\/wp\/v2\/media?parent=100189"}],"wp:term":[{"taxonomy":"category","embeddable":true,"href":"https:\/\/www.europesays.com\/pt\/wp-json\/wp\/v2\/categories?post=100189"},{"taxonomy":"post_tag","embeddable":true,"href":"https:\/\/www.europesays.com\/pt\/wp-json\/wp\/v2\/tags?post=100189"}],"curies":[{"name":"wp","href":"https:\/\/api.w.org\/{rel}","templated":true}]}}