{"id":100225,"date":"2025-10-06T22:53:12","date_gmt":"2025-10-06T22:53:12","guid":{"rendered":"https:\/\/www.europesays.com\/pt\/100225\/"},"modified":"2025-10-06T22:53:12","modified_gmt":"2025-10-06T22:53:12","slug":"papa-leao-publica-novo-motu-proprio-sobre-investimentos-da-santa-se","status":"publish","type":"post","link":"https:\/\/www.europesays.com\/pt\/100225\/","title":{"rendered":"Papa Le\u00e3o publica novo motu proprio sobre investimentos da Santa S\u00e9"},"content":{"rendered":"<p>Em uma nova Carta Apost\u00f3lica emitida em forma de motu proprio, o Papa Le\u00e3o XIV apresenta novas orienta\u00e7\u00f5es sobre as atividades de investimento financeiro da Santa S\u00e9.<\/p>\n<p><b>Vatican News<\/b><\/p>\n<p>Foi publicada nesta segunda-feira, 6 de outubro, a <a href=\"https:\/\/www.vatican.va\/content\/leo-xiv\/it\/events\/event.dir.html\/content\/vaticanevents\/it\/2025\/10\/6\/coniuncta-cura.html\" target=\"_blank\" rel=\"external nofollow noopener\">Carta Apost\u00f3lica do Papa Le\u00e3o XIV em forma de Motu proprio Coniuncta cura<\/a>, sobre as atividades de investimento financeiro da Santa S\u00e9. Um documento que esclarece quais institui\u00e7\u00f5es da C\u00faria s\u00e3o respons\u00e1veis por essas atividades, segundo o princ\u00edpio da \u201cresponsabilidade compartilhada\u201d estabelecido pela Constitui\u00e7\u00e3o Apost\u00f3lica Praedicate Evangelium do Papa Francisco.<\/p>\n<p>A mesma constitui\u00e7\u00e3o, promulgada em 19 de mar\u00e7o de 2022, no artigo 219, determina que a Administra\u00e7\u00e3o do Patrim\u00f4nio da S\u00e9 Apost\u00f3lica (Apsa) \u201c\u00e9 o organismo titular da administra\u00e7\u00e3o e da gest\u00e3o do patrim\u00f4nio imobili\u00e1rio e mobili\u00e1rio da Santa S\u00e9, destinado a fornecer os recursos necess\u00e1rios para o cumprimento da fun\u00e7\u00e3o pr\u00f3pria da C\u00faria Romana, para o bem e a servi\u00e7o das Igrejas particulares\u201d. Al\u00e9m disso, prev\u00ea, no par\u00e1grafo 3, que a execu\u00e7\u00e3o das opera\u00e7\u00f5es financeiras ocorra \u201catrav\u00e9s da atividade instrumental do Instituto para as Obras de Religi\u00e3o\u201d (Ior).<\/p>\n<p>O Motu proprio que Le\u00e3o XIV assinou em 29 de setembro, com o objetivo de consolidar \u201cas disposi\u00e7\u00f5es que se sucederam ao longo do tempo\u201d e definir \u201cos pap\u00e9is e as compet\u00eancias de cada Institui\u00e7\u00e3o, tornando poss\u00edvel a converg\u00eancia de todos em uma din\u00e2mica de colabora\u00e7\u00e3o m\u00fatua\u201d, estabelece que seja revogado o Rescrito de 23 de agosto de 2022, intitulado \u201cInstru\u00e7\u00e3o sobre a Administra\u00e7\u00e3o e gest\u00e3o das atividades financeiras e da liquidez da Santa S\u00e9 e das Institui\u00e7\u00f5es vinculadas \u00e0 Santa S\u00e9\u201d.<\/p>\n<p>O Rescrito revogado previa que o Instituto para as Obras de Religi\u00e3o tivesse compet\u00eancia exclusiva sobre a gest\u00e3o patrimonial e fosse deposit\u00e1rio de todo o patrim\u00f4nio mobili\u00e1rio da Santa S\u00e9 e das institui\u00e7\u00f5es a ela vinculadas, interpretando nesse sentido o par\u00e1grafo 3 do artigo 219 da Praedicate Evangelium. Dispunha, portanto, que todas as institui\u00e7\u00f5es da Santa S\u00e9 \u201cque sejam titulares de atividades financeiras e liquidez, em qualquer forma em que estejam depositadas, em institui\u00e7\u00f5es financeiras diferentes do Ior, devem informar o Ior e transferi-las para ele o quanto antes\u201d.<\/p>\n<p>O Motu proprio Coniuncta cura, por sua vez, estabelece que \u201cna determina\u00e7\u00e3o das atividades de investimento financeiro da Santa S\u00e9\u201d, a Apsa, em geral, \u201cfa\u00e7a uso efetivo da estrutura organizacional interna do Instituto para as Obras de Religi\u00e3o, a menos que os \u00f3rg\u00e3os competentes, conforme estabelecido pelos estatutos do Comit\u00ea para os Investimentos, considerem mais eficiente ou conveniente recorrer a intermedi\u00e1rios financeiros estabelecidos em outros Estados\u201d.<\/p>\n","protected":false},"excerpt":{"rendered":"Em uma nova Carta Apost\u00f3lica emitida em forma de motu proprio, o Papa Le\u00e3o XIV apresenta novas orienta\u00e7\u00f5es&hellip;\n","protected":false},"author":2,"featured_media":100226,"comment_status":"","ping_status":"","sticky":false,"template":"","format":"standard","meta":{"footnotes":""},"categories":[50],"tags":[27,28,24473,476,15,16,14,24475,25,26,21,22,24474,62,12,13,19,20,811,23,24,4629,17,18,29,30,31,63,64,65],"class_list":{"0":"post-100225","1":"post","2":"type-post","3":"status-publish","4":"format-standard","5":"has-post-thumbnail","7":"category-mundo","8":"tag-breaking-news","9":"tag-breakingnews","10":"tag-carta-apostolica","11":"tag-economia","12":"tag-featured-news","13":"tag-featurednews","14":"tag-headlines","15":"tag-ior","16":"tag-latest-news","17":"tag-latestnews","18":"tag-main-news","19":"tag-mainnews","20":"tag-motu-proprio","21":"tag-mundo","22":"tag-news","23":"tag-noticias","24":"tag-noticias-principais","25":"tag-noticiasprincipais","26":"tag-papa-leao-xiv","27":"tag-principais-noticias","28":"tag-principaisnoticias","29":"tag-santa-se","30":"tag-top-stories","31":"tag-topstories","32":"tag-ultimas","33":"tag-ultimas-noticias","34":"tag-ultimasnoticias","35":"tag-world","36":"tag-world-news","37":"tag-worldnews"},"share_on_mastodon":{"url":"","error":""},"_links":{"self":[{"href":"https:\/\/www.europesays.com\/pt\/wp-json\/wp\/v2\/posts\/100225","targetHints":{"allow":["GET"]}}],"collection":[{"href":"https:\/\/www.europesays.com\/pt\/wp-json\/wp\/v2\/posts"}],"about":[{"href":"https:\/\/www.europesays.com\/pt\/wp-json\/wp\/v2\/types\/post"}],"author":[{"embeddable":true,"href":"https:\/\/www.europesays.com\/pt\/wp-json\/wp\/v2\/users\/2"}],"replies":[{"embeddable":true,"href":"https:\/\/www.europesays.com\/pt\/wp-json\/wp\/v2\/comments?post=100225"}],"version-history":[{"count":0,"href":"https:\/\/www.europesays.com\/pt\/wp-json\/wp\/v2\/posts\/100225\/revisions"}],"wp:featuredmedia":[{"embeddable":true,"href":"https:\/\/www.europesays.com\/pt\/wp-json\/wp\/v2\/media\/100226"}],"wp:attachment":[{"href":"https:\/\/www.europesays.com\/pt\/wp-json\/wp\/v2\/media?parent=100225"}],"wp:term":[{"taxonomy":"category","embeddable":true,"href":"https:\/\/www.europesays.com\/pt\/wp-json\/wp\/v2\/categories?post=100225"},{"taxonomy":"post_tag","embeddable":true,"href":"https:\/\/www.europesays.com\/pt\/wp-json\/wp\/v2\/tags?post=100225"}],"curies":[{"name":"wp","href":"https:\/\/api.w.org\/{rel}","templated":true}]}}