{"id":100238,"date":"2025-10-06T23:12:26","date_gmt":"2025-10-06T23:12:26","guid":{"rendered":"https:\/\/www.europesays.com\/pt\/100238\/"},"modified":"2025-10-06T23:12:26","modified_gmt":"2025-10-06T23:12:26","slug":"lider-norte-coreano-inspeciona-novo-contratorpedeiro-de-cinco-mil-toneladas-2","status":"publish","type":"post","link":"https:\/\/www.europesays.com\/pt\/100238\/","title":{"rendered":"L\u00edder norte-coreano inspeciona novo contratorpedeiro de cinco mil toneladas"},"content":{"rendered":"<p>&#13;<br \/>\nApresentado em abril por Pyongyang, o Choe Hyon \u00e9 o primeiro contratorpedeiro de cinco mil toneladas do pa\u00eds a ser equipado com m\u00edsseis nucleares.&#13;\n<\/p>\n<p>&#13;<br \/>\nO lan\u00e7amento do Choe Hyon &#8220;\u00e9 uma demonstra\u00e7\u00e3o clara do desenvolvimento das for\u00e7as armadas orientadas para a doutrina Juche [a ideologia de autossufici\u00eancia da Coreia do Norte]&#8221;, afirmou o l\u00edder, de acordo com a KCNA.&#13;\n<\/p>\n<p>&#13;<br \/>\n&#8220;As formid\u00e1veis capacidades da nossa marinha devem ser exercidas no vasto oceano, a fim de dissuadir ou contrariar e punir as provoca\u00e7\u00f5es do inimigo \u00e0 soberania do Estado&#8221;, acrescentou.&#13;\n<\/p>\n<p>&#13;<br \/>\nO contratorpedeiro Choe Hyon \u00e9 um dos dois navios de guerra de cinco mil toneladas que a Coreia do Norte possui, tendo ambos sido conclu\u00eddos este ano. Kim Jong-un comprometeu-se a construir outro contratorpedeiro do mesmo tipo at\u00e9 outubro de 2026, a fim de refor\u00e7ar as capacidades navais.&#13;\n<\/p>\n<p>&#13;<br \/>\nDe acordo com o ex\u00e9rcito sul-coreano, este navio pode ter sido desenvolvido com a ajuda da R\u00fassia, possivelmente em troca do envio de milhares de soldados para ajudar Moscovo a combater na Ucr\u00e2nia.&#13;\n<\/p>\n<p>&#13;<br \/>\nAs fotos da ag\u00eancia KCNA mostram o l\u00edder norte-coreano a supervisionar o que parece ser uma sala de controlo no interior do navio. Outra fotografia apresenta o dirigente a apontar para um mapa desfocado diante de generais.&#13;\n<\/p>\n<p>&#13;<br \/>\nEsta visita surge depois de Kim Jong-un ter anunciado a mobiliza\u00e7\u00e3o de &#8220;meios especiais&#8221; contra o vizinho do sul, sem especificar a natureza, de acordo com declara\u00e7\u00f5es divulgadas no domingo pela KCNA.&#13;\n<\/p>\n<p>&#13;<br \/>\nCerca de 28.500 soldados norte-americanos est\u00e3o estacionados na Coreia do Sul para fazer face \u00e0s amea\u00e7as militares de Pyongyang. Em setembro, realizaram um exerc\u00edcio militar conjunto com os aliados sul-coreanos e japoneses.&#13;\n<\/p>\n<p>&#13;<br \/>\nA Coreia do Norte denuncia regularmente esses exerc\u00edcios, que considera ensaios para uma invas\u00e3o, enquanto os aliados insistem no car\u00e1ter defensivo das manobras.&#13;<\/p>\n","protected":false},"excerpt":{"rendered":"&#13; Apresentado em abril por Pyongyang, o Choe Hyon \u00e9 o primeiro contratorpedeiro de cinco mil toneladas do&hellip;\n","protected":false},"author":2,"featured_media":100239,"comment_status":"","ping_status":"","sticky":false,"template":"","format":"standard","meta":{"footnotes":""},"categories":[50],"tags":[27,28,2361,15,16,14,25,26,21,22,62,12,13,19,20,23,24,13928,17,18,29,30,31,63,64,65],"class_list":{"0":"post-100238","1":"post","2":"type-post","3":"status-publish","4":"format-standard","5":"has-post-thumbnail","7":"category-mundo","8":"tag-breaking-news","9":"tag-breakingnews","10":"tag-coreia","11":"tag-featured-news","12":"tag-featurednews","13":"tag-headlines","14":"tag-latest-news","15":"tag-latestnews","16":"tag-main-news","17":"tag-mainnews","18":"tag-mundo","19":"tag-news","20":"tag-noticias","21":"tag-noticias-principais","22":"tag-noticiasprincipais","23":"tag-principais-noticias","24":"tag-principaisnoticias","25":"tag-pyongyang","26":"tag-top-stories","27":"tag-topstories","28":"tag-ultimas","29":"tag-ultimas-noticias","30":"tag-ultimasnoticias","31":"tag-world","32":"tag-world-news","33":"tag-worldnews"},"share_on_mastodon":{"url":"","error":""},"_links":{"self":[{"href":"https:\/\/www.europesays.com\/pt\/wp-json\/wp\/v2\/posts\/100238","targetHints":{"allow":["GET"]}}],"collection":[{"href":"https:\/\/www.europesays.com\/pt\/wp-json\/wp\/v2\/posts"}],"about":[{"href":"https:\/\/www.europesays.com\/pt\/wp-json\/wp\/v2\/types\/post"}],"author":[{"embeddable":true,"href":"https:\/\/www.europesays.com\/pt\/wp-json\/wp\/v2\/users\/2"}],"replies":[{"embeddable":true,"href":"https:\/\/www.europesays.com\/pt\/wp-json\/wp\/v2\/comments?post=100238"}],"version-history":[{"count":0,"href":"https:\/\/www.europesays.com\/pt\/wp-json\/wp\/v2\/posts\/100238\/revisions"}],"wp:featuredmedia":[{"embeddable":true,"href":"https:\/\/www.europesays.com\/pt\/wp-json\/wp\/v2\/media\/100239"}],"wp:attachment":[{"href":"https:\/\/www.europesays.com\/pt\/wp-json\/wp\/v2\/media?parent=100238"}],"wp:term":[{"taxonomy":"category","embeddable":true,"href":"https:\/\/www.europesays.com\/pt\/wp-json\/wp\/v2\/categories?post=100238"},{"taxonomy":"post_tag","embeddable":true,"href":"https:\/\/www.europesays.com\/pt\/wp-json\/wp\/v2\/tags?post=100238"}],"curies":[{"name":"wp","href":"https:\/\/api.w.org\/{rel}","templated":true}]}}