{"id":100297,"date":"2025-10-07T00:11:20","date_gmt":"2025-10-07T00:11:20","guid":{"rendered":"https:\/\/www.europesays.com\/pt\/100297\/"},"modified":"2025-10-07T00:11:20","modified_gmt":"2025-10-07T00:11:20","slug":"dois-cacadores-detidos-em-braga-por-estarem-em-zona-proibida","status":"publish","type":"post","link":"https:\/\/www.europesays.com\/pt\/100297\/","title":{"rendered":"Dois ca\u00e7adores detidos em Braga por estarem em zona proibida"},"content":{"rendered":"<p>A GNR deteve dois homens, de 55 e 58 anos, por ca\u00e7a em \u00e1rea de prote\u00e7\u00e3o, no concelho de Braga, na passada quinta-feira. <\/p>\n<p>&#13;<br \/>\n&#13;<br \/>\n&#13;<\/p>\n<p>Em comunicado hoje enviado \u00e0s reda\u00e7\u00f5es, o Comando Territorial de Braga refere que, \u201cno \u00e2mbito de uma a\u00e7\u00e3o de patrulhamento, desenvolvida na localidade de Pedralva, os elementos do Servi\u00e7o de Prote\u00e7\u00e3o da Natureza e do Ambiente (SEPNA) <a href=\"https:\/\/www.gnr.pt\/atrib_SEPNA.aspx\" rel=\"noopener nofollow\" target=\"_blank\">verificaram que os suspeitos se encontravam a exercer a atividade de ca\u00e7a em terrenos n\u00e3o cineg\u00e9ticos\u201d. <\/p>\n<p>Os dois suspeito foram detidos em flagrante delito e foram-lhe apreendidas duas armas de fogo, respetivos estojos e cadeados, dois livretes de manifesto e duas cartas de ca\u00e7ador.<\/p>\n<p>Os detidos foram constitu\u00eddos arguidos e os factos foram comunicados ao Tribunal Judicial de Braga.<\/p>\n<p>A Guarda Nacional Republicana (GNR) relembra, no comunicado, que existem \u00e1reas de prote\u00e7\u00e3o onde o exerc\u00edcio da ca\u00e7a \u00e9 interdito, devido ao risco que pode representar para a vida, sa\u00fade ou tranquilidade das pessoas, ou pela possibilidade de causar danos materiais. <\/p>\n<p>Dentro destas \u00e1reas, destacam-se: praias de banho e respetivos terrenos adjacentes;<br \/>terrenos adjacentes de estabelecimentos como escolas, hospitais, pris\u00f5es, lares de idosos, de prote\u00e7\u00e3o \u00e0 inf\u00e2ncia, instala\u00e7\u00f5es militares ou de for\u00e7as de seguran\u00e7a, entre outros servi\u00e7os sens\u00edveis; infraestruturas como esta\u00e7\u00f5es radioel\u00e9tricas, far\u00f3is, portos mar\u00edtimos e fluviais, aeroportos, instala\u00e7\u00f5es tur\u00edsticas, parques de campismo e desportivos; instala\u00e7\u00f5es industriais e de cria\u00e7\u00e3o animal, bem como terrenos circundantes a estas \u00e1reas, numa faixa de 500 metros de prote\u00e7\u00e3o; povoados, numa faixa de prote\u00e7\u00e3o de 250 metros; vias de comunica\u00e7\u00e3o, incluindo estradas nacionais (EN), itiner\u00e1rios principais (IP), itiner\u00e1rios complementares (IC), autoestradas, estradas regionais das Regi\u00f5es Aut\u00f3nomas (ER) e linhas de caminho de ferro, numa faixa de prote\u00e7\u00e3o de 100 metros.<\/p>\n","protected":false},"excerpt":{"rendered":"A GNR deteve dois homens, de 55 e 58 anos, por ca\u00e7a em \u00e1rea de prote\u00e7\u00e3o, no concelho&hellip;\n","protected":false},"author":2,"featured_media":100298,"comment_status":"","ping_status":"","sticky":false,"template":"","format":"standard","meta":{"footnotes":""},"categories":[10],"tags":[27,28,15,16,14,25,26,21,22,12,13,19,20,32,23,24,33,17,18,29,30,31],"class_list":{"0":"post-100297","1":"post","2":"type-post","3":"status-publish","4":"format-standard","5":"has-post-thumbnail","7":"category-portugal","8":"tag-breaking-news","9":"tag-breakingnews","10":"tag-featured-news","11":"tag-featurednews","12":"tag-headlines","13":"tag-latest-news","14":"tag-latestnews","15":"tag-main-news","16":"tag-mainnews","17":"tag-news","18":"tag-noticias","19":"tag-noticias-principais","20":"tag-noticiasprincipais","21":"tag-portugal","22":"tag-principais-noticias","23":"tag-principaisnoticias","24":"tag-pt","25":"tag-top-stories","26":"tag-topstories","27":"tag-ultimas","28":"tag-ultimas-noticias","29":"tag-ultimasnoticias"},"share_on_mastodon":{"url":"","error":""},"_links":{"self":[{"href":"https:\/\/www.europesays.com\/pt\/wp-json\/wp\/v2\/posts\/100297","targetHints":{"allow":["GET"]}}],"collection":[{"href":"https:\/\/www.europesays.com\/pt\/wp-json\/wp\/v2\/posts"}],"about":[{"href":"https:\/\/www.europesays.com\/pt\/wp-json\/wp\/v2\/types\/post"}],"author":[{"embeddable":true,"href":"https:\/\/www.europesays.com\/pt\/wp-json\/wp\/v2\/users\/2"}],"replies":[{"embeddable":true,"href":"https:\/\/www.europesays.com\/pt\/wp-json\/wp\/v2\/comments?post=100297"}],"version-history":[{"count":0,"href":"https:\/\/www.europesays.com\/pt\/wp-json\/wp\/v2\/posts\/100297\/revisions"}],"wp:featuredmedia":[{"embeddable":true,"href":"https:\/\/www.europesays.com\/pt\/wp-json\/wp\/v2\/media\/100298"}],"wp:attachment":[{"href":"https:\/\/www.europesays.com\/pt\/wp-json\/wp\/v2\/media?parent=100297"}],"wp:term":[{"taxonomy":"category","embeddable":true,"href":"https:\/\/www.europesays.com\/pt\/wp-json\/wp\/v2\/categories?post=100297"},{"taxonomy":"post_tag","embeddable":true,"href":"https:\/\/www.europesays.com\/pt\/wp-json\/wp\/v2\/tags?post=100297"}],"curies":[{"name":"wp","href":"https:\/\/api.w.org\/{rel}","templated":true}]}}