{"id":100303,"date":"2025-10-07T00:21:16","date_gmt":"2025-10-07T00:21:16","guid":{"rendered":"https:\/\/www.europesays.com\/pt\/100303\/"},"modified":"2025-10-07T00:21:16","modified_gmt":"2025-10-07T00:21:16","slug":"fanny-regressa-a-feira-ao-lado-da-familia-e-do-namorado-dormimos-na-carrinha-tomamos-banho-de-agua-fria-secret-story","status":"publish","type":"post","link":"https:\/\/www.europesays.com\/pt\/100303\/","title":{"rendered":"Fanny regressa \u00e0 feira ao lado da fam\u00edlia e do namorado: \u00abDormimos na carrinha, tom\u00e1mos banho de \u00e1gua fria\u00bb &#8211; Secret Story"},"content":{"rendered":"<p data-end=\"808\" data-start=\"583\"><strong>2025 trouxe uma grande mudan\u00e7a \u00e0 vida de Fanny Rodrigues<\/strong>, de 33 anos. Longe da televis\u00e3o, a comunicadora decidiu \u201carrega\u00e7ar as mangas\u201d e regressar \u00e0 tradi\u00e7\u00e3o familiar: a venda em feiras. Ainda que por uns dias.<\/p>\n<p data-end=\"1086\" data-start=\"810\">Com a m\u00e3e e o av\u00f4 como inspira\u00e7\u00e3o,<strong> Fanny marcou presen\u00e7a numa feira em S\u00e3o Jacinto, Aveiro, durante o fim de semana,<\/strong> acompanhada pelo namorado, Detchi, de 22 anos. A experi\u00eancia, partilhada nas redes sociais, foi marcada por simplicidade, muito trabalho e v\u00e1rias perip\u00e9cias.<\/p>\n<p data-end=\"1303\" data-start=\"1088\">\u00a0<\/p>\n<p data-end=\"1303\" data-start=\"1088\">\u00abO nosso primeiro jantar e a primeira noite repleta de experi\u00eancias e risadas. O nosso acordar e tudo o que fizemos! A cumplicidade entre o Bernardo e o meu av\u00f4 s\u00f3 aumenta. Estou t\u00e3o feliz\u00bb, escreveu no Instagram.<\/p>\n<p data-end=\"1303\" data-start=\"1088\">Veja aqui o jantar em quest\u00e3o:<\/p>\n<p data-end=\"1722\" data-start=\"1305\">\u00a0<\/p>\n<p data-end=\"1722\" data-start=\"1305\"><strong>Determinada a cumprir a promessa que tinha feito, Fanny mostrou-se a ajudar em todas as tarefas <\/strong>\u2014 desde montar a banca, preparar refei\u00e7\u00f5es e at\u00e9 dormir numa carrinha com o namorado. \u00abDeixo-vos aqui um grande resumo daquilo que foi o nosso dia. Foram horas de montagem e horas a meter tudo no s\u00edtio. A minha m\u00e3e est\u00e1 a dar os \u00faltimos retoques e vai cozinhar como se estiv\u00e9ssemos no campismo!\u00bb, contou.<\/p>\n<p data-end=\"2028\" data-start=\"1724\">Num registo divertido e genu\u00edno, tamb\u00e9m partilhou os desafios log\u00edsticos da vida de feirante: <strong>\u00abO dia de ontem foi intenso. S\u00f3 me sentei para comer e comi r\u00e1pido. Fomos acordados \u00e0s 7h pelo meu av\u00f4. Queria ter lavado o cabelo, mas desisti. N\u00e3o suporto \u00e1gua fria na cabe\u00e7a e t\u00e3o cedo!\u00bb<\/strong><\/p>\n<p data-end=\"2317\" data-start=\"2030\">\u00a0<\/p>\n<p data-end=\"2317\" data-start=\"2030\">Apesar do cansa\u00e7o, Fanny Rodrigues garantiu que a experi\u00eancia foi inesquec\u00edvel. \u00abTenho registos para toda a vida. As gargalhadas que temos dado entre n\u00f3s, n\u00e3o h\u00e1 dinheiro que pague. Voltava a fazer tudo igual. Obrigada a todas as pessoas que vieram c\u00e1 e \u00e0s que ainda v\u00e3o vir\u00bb, rematou. <strong>A ex-concorrente do Secret Story mostrou ainda um registo mais \u00edntimo da m\u00e3e em l\u00e1grimas devido a cansa\u00e7o acumulado, mas feliz:<\/strong><\/p>\n<p data-end=\"2317\" data-start=\"2030\">\u00a0<\/p>\n<p data-end=\"456\" data-start=\"224\">\u00a0<\/p>\n<p data-end=\"456\" data-start=\"224\">Fanny Rodrigues voltou a dar que falar nas redes sociais. A apresentadora partilhou uma story no Instagram em que surge a trocar um beijo apaixonado com o namorado, num registo \u00edntimo que rapidamente captou a aten\u00e7\u00e3o dos seguidores<\/p>\n<p data-end=\"456\" data-start=\"224\">A rep\u00f3rter, de 33 anos, tem um novo namorado e a <a href=\"https:\/\/tvi.iol.pt\/bigbrother\/fanny-rodrigues\/detchi\/e-musico-e-tem-menos-11-anos-conheca-o-novo-namorado-de-fanny-rodrigues\" rel=\"nofollow noopener\" target=\"_blank\">rela\u00e7\u00e3o foi recentemente assumida nas redes sociais<\/a>. <strong>Trata-se de Bernardo Calheiros, mais conhecido por Detchi, o seu nome art\u00edstico. O jovem \u00e9 m\u00fasico e tem apenas 22 anos, menos 11 do que Fanny.<\/strong><\/p>\n<p data-end=\"456\" data-start=\"224\"><img loading=\"lazy\" decoding=\"async\" alt=\"\" height=\"304\" src=\"https:\/\/www.europesays.com\/pt\/wp-content\/uploads\/2025\/10\/68c14f8cd34ee0c2fecfe44e.webp\" width=\"175\"\/><\/p>\n<p data-end=\"906\" data-start=\"724\">A ex-concorrente da \u201cCasa dos Segredos\u201d, que soma milhares de f\u00e3s, mostrou-se c\u00famplice ao lado do companheiro, refor\u00e7ando a felicidade que vive nesta nova fase da sua vida pessoal.<\/p>\n<p data-end=\"1090\" data-start=\"908\">Veja as melhores imagens do casal na galeria acima.<\/p>\n","protected":false},"excerpt":{"rendered":"2025 trouxe uma grande mudan\u00e7a \u00e0 vida de Fanny Rodrigues, de 33 anos. Longe da televis\u00e3o, a comunicadora&hellip;\n","protected":false},"author":2,"featured_media":100304,"comment_status":"","ping_status":"","sticky":false,"template":"","format":"standard","meta":{"footnotes":""},"categories":[85],"tags":[8113,2632,329,333,328,335,336,114,115,334,5795,330,1326,338,19019,13,32,33,1315,8174,162,19020,227],"class_list":{"0":"post-100303","1":"post","2":"type-post","3":"status-publish","4":"format-standard","5":"has-post-thumbnail","7":"category-entretenimento","8":"tag-alice-alves","9":"tag-casa-dos-segredos","10":"tag-claudio-ramos","11":"tag-comentadores","12":"tag-concorrentes","13":"tag-confrontos","14":"tag-discussoes","15":"tag-entertainment","16":"tag-entretenimento","17":"tag-exclusivos","18":"tag-fanny-rodrigues","19":"tag-gala","20":"tag-mafalda-castro","21":"tag-maria-botelho-moniz","22":"tag-marta-cardoso","23":"tag-noticias","24":"tag-portugal","25":"tag-pt","26":"tag-secret-story","27":"tag-segredos","28":"tag-tvi","29":"tag-video-do-dia","30":"tag-videos"},"share_on_mastodon":{"url":"","error":""},"_links":{"self":[{"href":"https:\/\/www.europesays.com\/pt\/wp-json\/wp\/v2\/posts\/100303","targetHints":{"allow":["GET"]}}],"collection":[{"href":"https:\/\/www.europesays.com\/pt\/wp-json\/wp\/v2\/posts"}],"about":[{"href":"https:\/\/www.europesays.com\/pt\/wp-json\/wp\/v2\/types\/post"}],"author":[{"embeddable":true,"href":"https:\/\/www.europesays.com\/pt\/wp-json\/wp\/v2\/users\/2"}],"replies":[{"embeddable":true,"href":"https:\/\/www.europesays.com\/pt\/wp-json\/wp\/v2\/comments?post=100303"}],"version-history":[{"count":0,"href":"https:\/\/www.europesays.com\/pt\/wp-json\/wp\/v2\/posts\/100303\/revisions"}],"wp:featuredmedia":[{"embeddable":true,"href":"https:\/\/www.europesays.com\/pt\/wp-json\/wp\/v2\/media\/100304"}],"wp:attachment":[{"href":"https:\/\/www.europesays.com\/pt\/wp-json\/wp\/v2\/media?parent=100303"}],"wp:term":[{"taxonomy":"category","embeddable":true,"href":"https:\/\/www.europesays.com\/pt\/wp-json\/wp\/v2\/categories?post=100303"},{"taxonomy":"post_tag","embeddable":true,"href":"https:\/\/www.europesays.com\/pt\/wp-json\/wp\/v2\/tags?post=100303"}],"curies":[{"name":"wp","href":"https:\/\/api.w.org\/{rel}","templated":true}]}}