{"id":100363,"date":"2025-10-07T01:22:10","date_gmt":"2025-10-07T01:22:10","guid":{"rendered":"https:\/\/www.europesays.com\/pt\/100363\/"},"modified":"2025-10-07T01:22:10","modified_gmt":"2025-10-07T01:22:10","slug":"eua-canada-e-mexico-podem-fazer-continente-perder-condicao-de-territorio-livre-do-sarampo","status":"publish","type":"post","link":"https:\/\/www.europesays.com\/pt\/100363\/","title":{"rendered":"EUA, Canad\u00e1 e M\u00e9xico podem fazer continente perder condi\u00e7\u00e3o de territ\u00f3rio livre do sarampo"},"content":{"rendered":"<p>As Am\u00e9ricas est\u00e3o sob risco iminente de perder o status de \u00e1rea livre do <a href=\"https:\/\/www.brasildefato.com.br\/2019\/09\/24\/sarampo-conheca-sintomas-prevencao-e-transmissao\/\" rel=\"nofollow noopener\" target=\"_blank\">sarampo<\/a>. O aumento de casos em pa\u00edses como Canad\u00e1, Estados Unidos e M\u00e9xico, associado \u00e0 queda nas taxas de vacina\u00e7\u00e3o e \u00e0 dissemina\u00e7\u00e3o de desinforma\u00e7\u00e3o s\u00e3o as grandes causas do cen\u00e1rio.<\/p>\n<p>Em entrevista \u00e0 ag\u00eancia internacional de not\u00edcias Reuters, o chefe da Organiza\u00e7\u00e3o Pan-Americana de Sa\u00fade (Opas), Jarbas Barbosa, afirmou que as tr\u00eas na\u00e7\u00f5es est\u00e3o prestes a perder a certifica\u00e7\u00e3o de livres do sarampo.<\/p>\n<p>Isso porque o <a href=\"https:\/\/www.brasildefato.com.br\/2023\/11\/29\/brasil-quer-eliminar-sarampo-e-riscos-de-outras-doencas-com-campanhas-de-vacinacao\/\" rel=\"nofollow noopener\" target=\"_blank\">status<\/a> s\u00f3 \u00e9 concedido a pa\u00edses que, ap\u00f3s um surto, conseguiram ficar 12 meses sem novos casos. Segundo Barbosa, os prazos para Canad\u00e1, Estados Unidos e M\u00e9xico terminam, respectivamente, em outubro, janeiro e fevereiro.<\/p>\n<p>A perda da condi\u00e7\u00e3o de territ\u00f3rio livre do sarampo tamb\u00e9m vai dificultar o cumprimento da meta global de erradica\u00e7\u00e3o da doen\u00e7a at\u00e9 2030. A principal causa para o ressurgimento da doen\u00e7a \u00e9 a cobertura vacinal abaixo dos 95% recomendados pela Opas, o que facilita a circula\u00e7\u00e3o do v\u00edrus, altamente contagioso.<\/p>\n<p>Segundo a organiza\u00e7\u00e3o, as tr\u00eas na\u00e7\u00f5es norte-americanas t\u00eam 96% dos casos confirmados em todo o continente. A maioria dos surtos foi registrada em comunidades com baixa <a href=\"https:\/\/www.brasildefato.com.br\/2020\/02\/17\/o-que-voce-precisa-saber-sobre-sarampo-e-a-vacinacao\/\" rel=\"nofollow noopener\" target=\"_blank\">cobertura vacinal<\/a> e alta resist\u00eancia \u00e0 imuniza\u00e7\u00e3o, por conta do negacionismo.<\/p>\n<p>Mais de 71% das pessoas que tiveram sarampo nesses pa\u00edses n\u00e3o estavam vacinadas e 18% tinham estado vacinal desconhecido. Outros pa\u00edses como Bol\u00edvia, Brasil, Argentina, Belize, Paraguai, Peru e Costa Rica tamb\u00e9m reportaram casos, embora em n\u00fameros mais reduzidos.<\/p>\n<p>At\u00e9 12 de setembro de 2025, foram confirmadas 11,3 pessoas infectadas e 23 mortes em 10 pa\u00edses do continente. Isso representa um aumento de 31 vezes em rela\u00e7\u00e3o aos 358 casos do ano passado.<\/p>\n<p>O sarampo \u00e9 uma doen\u00e7a viral e altamente transmiss\u00edvel. Entre os sintomas est\u00e3o febre, tosse, coriza, conjuntivite e manchas vermelhas na pele. A transmiss\u00e3o ocorre pelas vias respirat\u00f3rias, e a <a href=\"https:\/\/www.brasildefato.com.br\/2020\/10\/14\/vacinacao-e-uma-questao-de-responsabilidade-social-afirma-cientista-da-unicamp\/\" rel=\"nofollow noopener\" target=\"_blank\">vacina\u00e7\u00e3o <\/a>\u00e9 a forma mais eficaz de preven\u00e7\u00e3o.<\/p>\n","protected":false},"excerpt":{"rendered":"As Am\u00e9ricas est\u00e3o sob risco iminente de perder o status de \u00e1rea livre do sarampo. O aumento de&hellip;\n","protected":false},"author":2,"featured_media":100364,"comment_status":"","ping_status":"","sticky":false,"template":"","format":"standard","meta":{"footnotes":""},"categories":[86],"tags":[2965,413,116,1872,32,33,1670,117],"class_list":{"0":"post-100363","1":"post","2":"type-post","3":"status-publish","4":"format-standard","5":"has-post-thumbnail","7":"category-saude","8":"tag-canada","9":"tag-eua","10":"tag-health","11":"tag-mexico","12":"tag-portugal","13":"tag-pt","14":"tag-sarampo","15":"tag-saude"},"share_on_mastodon":{"url":"","error":""},"_links":{"self":[{"href":"https:\/\/www.europesays.com\/pt\/wp-json\/wp\/v2\/posts\/100363","targetHints":{"allow":["GET"]}}],"collection":[{"href":"https:\/\/www.europesays.com\/pt\/wp-json\/wp\/v2\/posts"}],"about":[{"href":"https:\/\/www.europesays.com\/pt\/wp-json\/wp\/v2\/types\/post"}],"author":[{"embeddable":true,"href":"https:\/\/www.europesays.com\/pt\/wp-json\/wp\/v2\/users\/2"}],"replies":[{"embeddable":true,"href":"https:\/\/www.europesays.com\/pt\/wp-json\/wp\/v2\/comments?post=100363"}],"version-history":[{"count":0,"href":"https:\/\/www.europesays.com\/pt\/wp-json\/wp\/v2\/posts\/100363\/revisions"}],"wp:featuredmedia":[{"embeddable":true,"href":"https:\/\/www.europesays.com\/pt\/wp-json\/wp\/v2\/media\/100364"}],"wp:attachment":[{"href":"https:\/\/www.europesays.com\/pt\/wp-json\/wp\/v2\/media?parent=100363"}],"wp:term":[{"taxonomy":"category","embeddable":true,"href":"https:\/\/www.europesays.com\/pt\/wp-json\/wp\/v2\/categories?post=100363"},{"taxonomy":"post_tag","embeddable":true,"href":"https:\/\/www.europesays.com\/pt\/wp-json\/wp\/v2\/tags?post=100363"}],"curies":[{"name":"wp","href":"https:\/\/api.w.org\/{rel}","templated":true}]}}