{"id":100390,"date":"2025-10-07T02:09:09","date_gmt":"2025-10-07T02:09:09","guid":{"rendered":"https:\/\/www.europesays.com\/pt\/100390\/"},"modified":"2025-10-07T02:09:09","modified_gmt":"2025-10-07T02:09:09","slug":"influencer-com-cancer-em-estagio-4-revela-sintomas-que-ignorou-do-tamanho-de-uma-ervilha","status":"publish","type":"post","link":"https:\/\/www.europesays.com\/pt\/100390\/","title":{"rendered":"Influencer com c\u00e2ncer em est\u00e1gio 4 revela sintomas que ignorou: &#8220;Do tamanho de uma ervilha&#8221;"},"content":{"rendered":"<p>                        <img width=\"944\" height=\"531\" src=\"https:\/\/www.europesays.com\/pt\/wp-content\/uploads\/2025\/10\/Influencer-com-cancer-em-estagio-4-revela-sintomas-que-ignorou-Do-tamanho-de-uma-ervilha-944x531.jpg\" class=\"attachment-custom-large size-custom-large article-featured-image\" alt=\"Influencer com c\u00e2ncer em est\u00e1gio 4 revela sintomas que ignorou Do tamanho de uma ervilha\" fetchpriority=\"high\" decoding=\"async\"  \/><\/p>\n<p>Jessica compartilha sua rotina nas redes sociais (Foto: Redes sociais, Reprodu\u00e7\u00e3o)<\/p>\n<p>O c\u00e2ncer \u00e9 uma doen\u00e7a trai\u00e7oeira e, muitas vezes, silenciosa. Antes de se manifestar de forma intensa, o corpo come\u00e7a a enviar sinais sutis que, no dia a dia, acabam passando despercebidos.<\/p>\n<p>Continua depois da publicidade<\/p>\n<p>Jessica Farrington, de 45 anos, moradora do Texas, nos Estados Unidos, foi um exemplo claro disso. Ela descobriu que tinha um linfoma folicular n\u00e3o-Hodgkin (tipo de c\u00e2ncer do sistema linf\u00e1tico, originado nos linf\u00f3citos B, que cresce lentamente) em est\u00e1gio 4 depois de meses ignorando sintomas que parecia n\u00e3o terem import\u00e2ncia.<\/p>\n<p>Em um v\u00eddeo no TikTok, ela revelou que percebeu os primeiros alertas muito antes do diagn\u00f3stico.<\/p>\n<p>\u2014 Meu corpo come\u00e7ou a me avisar muito antes de ser um grito. No in\u00edcio, eram sinais pequenos: uma fadiga que eu achava que era s\u00f3 por conta da rotina de m\u00e3e, suores noturnos que eu atribu\u00eda aos horm\u00f4nios, uma coceira aqui e ali e uns g\u00e2nglios inchados que eu esperava que sumissem sozinhos \u2014 contou ela.<\/p>\n<p>Continua depois da publicidade<\/p>\n<p>Jessica justificava todos esses sinais com explica\u00e7\u00f5es do dia a dia.<\/p>\n<p>\u2014 Eu me dizia que era s\u00f3 estresse, noites mal dormidas ou at\u00e9 \u201ccoisas da vida\u201d. Mas, na verdade, esses pequenos sussurros eram meu corpo tentando me dizer algo muito mais grave \u2014 revela.<\/p>\n<blockquote class=\"tiktok-embed\" cite=\"https:\/\/www.tiktok.com\/@jessica.farrington\/video\/7557465679713144094\" data-video-id=\"7557465679713144094\" style=\"max-width: 605px;min-width: 325px;\"><p>  <a target=\"_blank\" title=\"@jessica.farrington\" href=\"https:\/\/www.tiktok.com\/@jessica.farrington?refer=embed\" rel=\"nofollow noopener\">@jessica.farrington<\/a> <\/p>\n<p>Well that escalated quickly<\/p>\n<p><a target=\"_blank\" title=\"\u266c original sound - | Nikki Rossi |\" href=\"https:\/\/www.tiktok.com\/music\/original-sound-7514297927985023766?refer=embed\" rel=\"nofollow noopener\">\u266c original sound \u2013 | Nikki Rossi |<\/a>  <\/p><\/blockquote>\n<p> Sintomas discretos podem ser de algo mais s\u00e9rio<\/p>\n<p>O linfoma folicular \u00e9 um c\u00e2ncer de crescimento lento que afeta o sistema linf\u00e1tico, podendo comprometer g\u00e2nglios, medula \u00f3ssea e outros \u00f3rg\u00e3os. Entre os sintomas est\u00e3o febre, fadiga, suores noturnos, perda de peso inexplicada e caro\u00e7os indolores no pesco\u00e7o, axilas ou virilha.<\/p>\n<p>Jessica foi diagnosticada em mar\u00e7o de 2025, depois de perceber um caro\u00e7o do tamanho de uma ervilha na axila. \u201cCom o tempo, outros apareceram na mesma regi\u00e3o\u201d, segundo ela. A descoberta levou a uma s\u00e9rie de exames, como mamografia e ultrassonografia, que levantaram suspeitas. Uma bi\u00f3psia confirmou o diagn\u00f3stico.<\/p>\n<p>Continua depois da publicidade<\/p>\n<p>Preste aten\u00e7\u00e3o no seu corpo e busque ajuda m\u00e9dica<\/p>\n<p>Desde o diagn\u00f3stico, Jessica tem usado suas redes sociais para alertar sobre a import\u00e2ncia de ouvir os sinais do corpo e da detec\u00e7\u00e3o precoce. \u201cO seu corpo est\u00e1 sempre tentando te avisar. Preste aten\u00e7\u00e3o e, se algo te incomodar, procure um m\u00e9dico\u201d, diz ela.<\/p>\n<p>Em entrevista \u00e0 revista People, ela refor\u00e7ou que muitos sintomas de c\u00e2ncer podem se confundir com problemas menores.<\/p>\n<p>\u2014 \u00c9 importante trazer essa conversa \u00e0 tona, porque esses sinais s\u00e3o facilmente ignorados. Mas, quando persistem, n\u00e3o devem ser ignorados \u2014 destacou.<\/p>\n<p>Continua depois da publicidade<\/p>\n<p>Hoje, Jessica segue em tratamento e se dedica a incentivar outras pessoas a n\u00e3o subestimarem mudan\u00e7as sutis no corpo. \u201cGostaria que algu\u00e9m tivesse me alertado antes\u201d, conclui.<\/p>\n<p>*Sob supervis\u00e3o de Pablo Brito<\/p>\n<p>Voc\u00ea tamb\u00e9m vai gostar de ler: <a href=\"https:\/\/www.nsctotal.com.br\/noticias\/quem-era-a-atriz-de-a-viagem-que-morreu-por-doenca-e-nao-teve-velorio\" target=\"_blank\" rel=\"noreferrer noopener nofollow\"><strong>Quem era a atriz de A Viagem que morreu por doen\u00e7a e n\u00e3o teve vel\u00f3rio<\/strong><\/a>\u00a0e\u00a0<a href=\"https:\/\/www.nsctotal.com.br\/noticias\/entenda-por-que-virginia-nao-usa-mais-celular-aos-domingos\" target=\"_blank\" rel=\"noreferrer noopener nofollow\"><strong>Entenda por que Virginia n\u00e3o usa mais celular aos domingos<\/strong><\/a>.<\/p>\n<p>Continua depois da publicidade<\/p>\n<p>                                    <script async src=\"\/\/www.tiktok.com\/embed.js\"><\/script><\/p>\n","protected":false},"excerpt":{"rendered":"Jessica compartilha sua rotina nas redes sociais (Foto: Redes sociais, Reprodu\u00e7\u00e3o) O c\u00e2ncer \u00e9 uma doen\u00e7a trai\u00e7oeira e,&hellip;\n","protected":false},"author":2,"featured_media":100391,"comment_status":"","ping_status":"","sticky":false,"template":"","format":"standard","meta":{"footnotes":""},"categories":[86],"tags":[116,32,33,117,794],"class_list":{"0":"post-100390","1":"post","2":"type-post","3":"status-publish","4":"format-standard","5":"has-post-thumbnail","7":"category-saude","8":"tag-health","9":"tag-portugal","10":"tag-pt","11":"tag-saude","12":"tag-voce-viu"},"share_on_mastodon":{"url":"","error":""},"_links":{"self":[{"href":"https:\/\/www.europesays.com\/pt\/wp-json\/wp\/v2\/posts\/100390","targetHints":{"allow":["GET"]}}],"collection":[{"href":"https:\/\/www.europesays.com\/pt\/wp-json\/wp\/v2\/posts"}],"about":[{"href":"https:\/\/www.europesays.com\/pt\/wp-json\/wp\/v2\/types\/post"}],"author":[{"embeddable":true,"href":"https:\/\/www.europesays.com\/pt\/wp-json\/wp\/v2\/users\/2"}],"replies":[{"embeddable":true,"href":"https:\/\/www.europesays.com\/pt\/wp-json\/wp\/v2\/comments?post=100390"}],"version-history":[{"count":0,"href":"https:\/\/www.europesays.com\/pt\/wp-json\/wp\/v2\/posts\/100390\/revisions"}],"wp:featuredmedia":[{"embeddable":true,"href":"https:\/\/www.europesays.com\/pt\/wp-json\/wp\/v2\/media\/100391"}],"wp:attachment":[{"href":"https:\/\/www.europesays.com\/pt\/wp-json\/wp\/v2\/media?parent=100390"}],"wp:term":[{"taxonomy":"category","embeddable":true,"href":"https:\/\/www.europesays.com\/pt\/wp-json\/wp\/v2\/categories?post=100390"},{"taxonomy":"post_tag","embeddable":true,"href":"https:\/\/www.europesays.com\/pt\/wp-json\/wp\/v2\/tags?post=100390"}],"curies":[{"name":"wp","href":"https:\/\/api.w.org\/{rel}","templated":true}]}}