{"id":100453,"date":"2025-10-07T05:04:08","date_gmt":"2025-10-07T05:04:08","guid":{"rendered":"https:\/\/www.europesays.com\/pt\/100453\/"},"modified":"2025-10-07T05:04:08","modified_gmt":"2025-10-07T05:04:08","slug":"apple-muda-o-foco-do-vision-pro-para-oculos-inteligentes","status":"publish","type":"post","link":"https:\/\/www.europesays.com\/pt\/100453\/","title":{"rendered":"Apple muda o foco do Vision Pro para \u00f3culos inteligentes &#8211;"},"content":{"rendered":"<p>O notoriamente caro Vision Pro n\u00e3o se tornou exatamente o sucesso de bilheteria que a Apple esperava. Na verdade, o projeto ficou em segundo plano \u00e0 medida que outras prioridades da empresa assumiram o controle. De acordo com novos relat\u00f3rios, a Apple agora est\u00e1 mudando sua estrat\u00e9gia &#8211; em vez de dobrar o Vision Pro, a empresa est\u00e1 pausando o desenvolvimento e redirecionando os esfor\u00e7os para um par de \u00f3culos inteligentes.<\/p>\n<p>As vendas do Vision Pro t\u00eam sido abaixo do esperado, com analistas culpando o alto pre\u00e7o. Os consumidores simplesmente n\u00e3o compraram a vis\u00e3o de realidade mista da Apple no ritmo que a empresa esperava. Em vez disso, a Apple est\u00e1 <a href=\"https:\/\/appleinsider.com\/articles\/25\/10\/01\/apple-shifts-priorities-from-lighter-apple-vision-pro-to-smart-glasses\" target=\"_blank\" rel=\"nofollow noopener\">trabalhando<\/a> em um projeto interno conhecido como &#8220;N50&#8221;, com lan\u00e7amento previsto para dois anos. Espera-se que esses \u00f3culos tenham c\u00e2meras, microfones e controle de voz, mas nenhuma tela embutida &#8211; essencialmente um rival direto dos \u00f3culos inteligentes Ray-Ban da Meta.<\/p>\n<p>A Apple n\u00e3o est\u00e1 abandonando totalmente o Vision Pro, mas a mudan\u00e7a de foco sugere que a empresa v\u00ea maior potencial de mercado de massa em \u00f3culos inteligentes do que em um fone de ouvido premium proibitivamente caro.<\/p>\n<p><img loading=\"lazy\" decoding=\"async\" id=\"img-1469753-4466233\" data-fullsize=\"\/media\/62\/metaray_bans_4466233b.png\" data-lazy=\"\" src=\"https:\/\/www.gamereactor.pthttps:\/\/www.gamereactor.pt\/media\/62\/metaray_bans_4466233_650x.png\" width=\"650\" onclick=\"if (!window.__cfRLUnblockHandlers) return false; gallery_openmodal('1469753','4466233',false,'5f13c5636de33b882a9ed872a2985dff');\" height=\"366\" alt=\"Apple muda o foco do Vision Pro para \u00f3culos inteligentes\" class=\"rwd_col_content lazy\" data-cf-modified-71e454473443036e20714151-=\"\"\/><\/p>\n","protected":false},"excerpt":{"rendered":"O notoriamente caro Vision Pro n\u00e3o se tornou exatamente o sucesso de bilheteria que a Apple esperava. Na&hellip;\n","protected":false},"author":2,"featured_media":100454,"comment_status":"","ping_status":"","sticky":false,"template":"","format":"standard","meta":{"footnotes":""},"categories":[84],"tags":[109,107,108,32,33,105,103,104,106,110],"class_list":{"0":"post-100453","1":"post","2":"type-post","3":"status-publish","4":"format-standard","5":"has-post-thumbnail","7":"category-ciencia-e-tecnologia","8":"tag-ciencia","9":"tag-ciencia-e-tecnologia","10":"tag-cienciaetecnologia","11":"tag-portugal","12":"tag-pt","13":"tag-science","14":"tag-science-and-technology","15":"tag-scienceandtechnology","16":"tag-technology","17":"tag-tecnologia"},"share_on_mastodon":{"url":"","error":""},"_links":{"self":[{"href":"https:\/\/www.europesays.com\/pt\/wp-json\/wp\/v2\/posts\/100453","targetHints":{"allow":["GET"]}}],"collection":[{"href":"https:\/\/www.europesays.com\/pt\/wp-json\/wp\/v2\/posts"}],"about":[{"href":"https:\/\/www.europesays.com\/pt\/wp-json\/wp\/v2\/types\/post"}],"author":[{"embeddable":true,"href":"https:\/\/www.europesays.com\/pt\/wp-json\/wp\/v2\/users\/2"}],"replies":[{"embeddable":true,"href":"https:\/\/www.europesays.com\/pt\/wp-json\/wp\/v2\/comments?post=100453"}],"version-history":[{"count":0,"href":"https:\/\/www.europesays.com\/pt\/wp-json\/wp\/v2\/posts\/100453\/revisions"}],"wp:featuredmedia":[{"embeddable":true,"href":"https:\/\/www.europesays.com\/pt\/wp-json\/wp\/v2\/media\/100454"}],"wp:attachment":[{"href":"https:\/\/www.europesays.com\/pt\/wp-json\/wp\/v2\/media?parent=100453"}],"wp:term":[{"taxonomy":"category","embeddable":true,"href":"https:\/\/www.europesays.com\/pt\/wp-json\/wp\/v2\/categories?post=100453"},{"taxonomy":"post_tag","embeddable":true,"href":"https:\/\/www.europesays.com\/pt\/wp-json\/wp\/v2\/tags?post=100453"}],"curies":[{"name":"wp","href":"https:\/\/api.w.org\/{rel}","templated":true}]}}