{"id":100488,"date":"2025-10-07T07:27:10","date_gmt":"2025-10-07T07:27:10","guid":{"rendered":"https:\/\/www.europesays.com\/pt\/100488\/"},"modified":"2025-10-07T07:27:10","modified_gmt":"2025-10-07T07:27:10","slug":"chatgpt-e-usado-por-800-milhoes-de-pessoas-por-semana","status":"publish","type":"post","link":"https:\/\/www.europesays.com\/pt\/100488\/","title":{"rendered":"ChatGPT \u00e9 usado por 800 milh\u00f5es de pessoas por semana"},"content":{"rendered":"<p>O cofundador e CEO da OpenAI, Sam Altman, aproveitou a confer\u00eancia de abertura do evento Dev Day para anunciar que o ChatGPT &#8211; uma das principais ferramentas de Intelig\u00eancia Artificial da empresa &#8211; conta atualmente com 800 milh\u00f5es de utilizadores semanais ativos.<\/p>\n<p>\u201cHoje em dia, 4 milh\u00f5es de developers programam com a OpenAI. Mais de 800 milh\u00f5es de pessoas usam o ChatGPT todas as semanas e processamos mais de 6 mil milh\u00f5es de \u2018tokens\u2019 por minuto na API\u201d, anunciou Altman. \u201cGra\u00e7as a todos voc\u00eas, a Intelig\u00eancia Artificial passou de ser uma coisa com que as pessoas brincam para algo com que as pessoas constroem\u201d.<\/p>\n<p>Este Dev Day acontece numa altura em que a OpenAI anda a fazer sucesso com uma nova app de Intelig\u00eancia Artificial &#8211; a Sora &#8211; que, apesar de s\u00f3 se encontrar dispon\u00edvel para iPhones e apenas nos EUA e Canad\u00e1 mediante convite, j\u00e1 \u00e9 a <a href=\"https:\/\/www.noticiasaominuto.com\/tech\/2865620\/sora-o-chatgpt-para-videos-e-a-app-gratuita-mais-popular-nos-eua\" target=\"_blank\" rel=\"noopener nofollow\">aplica\u00e7\u00e3o gratuita com mais downloads<\/a> na App Store da Apple na Am\u00e9rica do Norte.<\/p>\n<p>Entretanto, a OpenAI espera manter o bom momento nos pr\u00f3ximos e, para tal, j\u00e1 <a href=\"https:\/\/www.noticiasaominuto.com\/tech\/2865585\/openai-recruta-amd-para-desenvolver-infraestrutura-de-ia\" target=\"_blank\" rel=\"noopener nofollow\">garantiu a AMD<\/a> como sua fornecedora de \u2018chips\u2019 para treinar os seus modelos de Intelig\u00eancia Artificial.<\/p>\n<p>OpenAI une-se \u00e0 AMD<\/p>\n<p>O acordo anunciado pela fabricante de semicondutores AMD e a OpenAI indicam que as duas empresas trabalhar\u00e3o em conjunto na constru\u00e7\u00e3o de infraestruturas de Intelig\u00eancia Artificial (IA)<\/p>\n<p>De acordo com um comunicado, citado pela ag\u00eancia Associated Press (AP), a AMD fornecer\u00e1 \u00e0 OpenAI a vers\u00e3o mais recente dos seus &#8216;chips&#8217; gr\u00e1ficos de alto desempenho, com lan\u00e7amento previsto para o pr\u00f3ximo ano.<\/p>\n<p>O acordo prev\u00ea o fornecimento de seis &#8216;gigawatts&#8217; de pot\u00eancia de computa\u00e7\u00e3o para a infraestrutura de IA de &#8220;pr\u00f3xima gera\u00e7\u00e3o&#8221; da OpenAI, com o primeiro a entrar em funcionamento no segundo semestre de 2026.<\/p>\n<p>A AMD tamb\u00e9m emitiu \u00e0 OpenAI um &#8216;warrant&#8217; (t\u00edtulo de garantia) que permite \u00e0 empresa de IA comprar at\u00e9 160 milh\u00f5es de a\u00e7\u00f5es ordin\u00e1rias da AMD, o que equivale a cerca de 10% da empresa.\u00a0<\/p>\n<p>                                                    <img decoding=\"async\" src=\"https:\/\/www.europesays.com\/pt\/wp-content\/uploads\/2025\/10\/naom_68c29aef6766f.jpg\" border=\"0\" alt=\"OpenAI pode ver-se obrigada a adiar lan\u00e7amento de primeiro dispositivo\"\/><\/p>\n<p>O primeiro produto fruto da colabora\u00e7\u00e3o entre a OpenAI e Jony Ive chegou a estar previsto para 2026, mas alguns desafios encontrados durante a fase de desenvolvimento podem levar ao adiamento.<\/p>\n<p>                                                     Miguel Patinha Dias | 11:24 &#8211; 06\/10\/2025 <\/p>\n<p>Este acordo ser\u00e1 exercido com base em dois marcos relacionados com a quantidade de poder computacional implantado.<\/p>\n<p>&#8220;Esta parceria \u00e9 um passo importante na constru\u00e7\u00e3o da capacidade computacional necess\u00e1ria para realizar todo o potencial da IA&#8221;, afirmou o presidente executivo (CEO) da OpenAI, Sam Altman, em comunicado.<\/p>\n<p>&#8220;A lideran\u00e7a da AMD em &#8216;chips&#8217; de alto desempenho ir\u00e1 permitir acelerar o progresso e levar os benef\u00edcios da IA avan\u00e7ada a todos mais rapidamente&#8221;, acrescentou.<\/p>\n<p>A parceria \u00e9 um impulso para a AMD, sediada em Santa Clara, na Calif\u00f3rnia (EUA), que ficou para tr\u00e1s em rela\u00e7\u00e3o \u00e0 rival Nvidia.<\/p>\n<p>Segundo a ag\u00eancia AP, o desenvolvimento da IA impulsionou a procura pelos &#8216;chips&#8217; de processamento gr\u00e1fico da Nvidia, fazendo as suas a\u00e7\u00f5es dispararem e tornando-a a empresa mais valiosa no mundo.<\/p>\n<p>Leia Tamb\u00e9m: <a href=\"https:\/\/www.noticiasaominuto.com\/tech\/2865507\/openai-reformula-politica-de-direitos-de-autor-em-sistema-de-video-com-ia\" target=\"_blank\" rel=\"noopener noreferrer nofollow\">OpenAI reformula pol\u00edtica de direitos de autor em sistema de v\u00eddeo com IA<\/a><\/p>\n","protected":false},"excerpt":{"rendered":"O cofundador e CEO da OpenAI, Sam Altman, aproveitou a confer\u00eancia de abertura do evento Dev Day para&hellip;\n","protected":false},"author":2,"featured_media":100489,"comment_status":"","ping_status":"","sticky":false,"template":"","format":"standard","meta":{"footnotes":""},"categories":[84],"tags":[109,107,108,32,33,105,103,104,106,110],"class_list":{"0":"post-100488","1":"post","2":"type-post","3":"status-publish","4":"format-standard","5":"has-post-thumbnail","7":"category-ciencia-e-tecnologia","8":"tag-ciencia","9":"tag-ciencia-e-tecnologia","10":"tag-cienciaetecnologia","11":"tag-portugal","12":"tag-pt","13":"tag-science","14":"tag-science-and-technology","15":"tag-scienceandtechnology","16":"tag-technology","17":"tag-tecnologia"},"share_on_mastodon":{"url":"","error":""},"_links":{"self":[{"href":"https:\/\/www.europesays.com\/pt\/wp-json\/wp\/v2\/posts\/100488","targetHints":{"allow":["GET"]}}],"collection":[{"href":"https:\/\/www.europesays.com\/pt\/wp-json\/wp\/v2\/posts"}],"about":[{"href":"https:\/\/www.europesays.com\/pt\/wp-json\/wp\/v2\/types\/post"}],"author":[{"embeddable":true,"href":"https:\/\/www.europesays.com\/pt\/wp-json\/wp\/v2\/users\/2"}],"replies":[{"embeddable":true,"href":"https:\/\/www.europesays.com\/pt\/wp-json\/wp\/v2\/comments?post=100488"}],"version-history":[{"count":0,"href":"https:\/\/www.europesays.com\/pt\/wp-json\/wp\/v2\/posts\/100488\/revisions"}],"wp:featuredmedia":[{"embeddable":true,"href":"https:\/\/www.europesays.com\/pt\/wp-json\/wp\/v2\/media\/100489"}],"wp:attachment":[{"href":"https:\/\/www.europesays.com\/pt\/wp-json\/wp\/v2\/media?parent=100488"}],"wp:term":[{"taxonomy":"category","embeddable":true,"href":"https:\/\/www.europesays.com\/pt\/wp-json\/wp\/v2\/categories?post=100488"},{"taxonomy":"post_tag","embeddable":true,"href":"https:\/\/www.europesays.com\/pt\/wp-json\/wp\/v2\/tags?post=100488"}],"curies":[{"name":"wp","href":"https:\/\/api.w.org\/{rel}","templated":true}]}}