{"id":100496,"date":"2025-10-07T07:43:09","date_gmt":"2025-10-07T07:43:09","guid":{"rendered":"https:\/\/www.europesays.com\/pt\/100496\/"},"modified":"2025-10-07T07:43:09","modified_gmt":"2025-10-07T07:43:09","slug":"dispositivo-da-openai-nao-tera-ecra-mas-vai-ver-e-ouvir-tudo-a-sua-volta","status":"publish","type":"post","link":"https:\/\/www.europesays.com\/pt\/100496\/","title":{"rendered":"dispositivo da OpenAI n\u00e3o ter\u00e1 ecr\u00e3, mas vai ver e ouvir tudo \u00e0 sua volta"},"content":{"rendered":"<p>Juntamente com Jony Ive, o conhecido ex-designer da Apple, a OpenAI planeia lan\u00e7ar um dispositivo que funcionar\u00e1 como uma esp\u00e9cie de ChatGPT de bolso. Com alguns desafios t\u00e9cnicos pela frente, h\u00e1 novos detalhes sobre o novo gadget.<\/p>\n<p><a target=\"_blank\" href=\"https:\/\/pplware.sapo.pt\/wp-content\/uploads\/2025\/04\/jony_ive_ia_device01.webp\" rel=\"nofollow noopener\"><img fetchpriority=\"high\" decoding=\"async\" src=\"https:\/\/www.europesays.com\/pt\/wp-content\/uploads\/2025\/10\/jony_ive_ia_device01-720x404.webp.webp\" alt=\"\" width=\"720\" height=\"404\" class=\"aligncenter size-medium wp-image-1051735\"  \/><\/a>\n<\/p>\n<p>Conforme <a target=\"_blank\" href=\"https:\/\/pplware.sapo.pt\/gadgets\/hardware\/openai-entra-no-mundo-do-hardware-e-adquire-a-io-empresa-cofundada-por-jony-ive\/\" rel=\"nofollow noopener\">inform\u00e1mos<\/a>, em maio, a OpenAI adquiriu a io, uma startup de dispositivos cofundada por Jony Ive, numa opera\u00e7\u00e3o de quase 6,5 mil milh\u00f5es de d\u00f3lares.<\/p>\n<p>Na altura, Sam Altman partilhou que o ex-designer da Apple e a sua equipa ajudariam a empresa de Intelig\u00eancia Artificial (IA) a criar dispositivos com a tecnologia. Ap\u00f3s a Bloomberg reportar que os primeiros gadgets deveriam ser lan\u00e7ados em 2026, Ming-Chi Kuo, analista da cadeia de fornecimento e frequente informador da Apple, <a target=\"_blank\" href=\"https:\/\/pplware.sapo.pt\/gadgets\/produto-de-ia-da-openai-e-de-jony-ive-previsto-para-2027-iremos-ter-uma-revolucao\/\" rel=\"nofollow noopener\">apontou, posteriormente<\/a>, para 2027.<\/p>\n<p>Mais recentemente, o <a target=\"_blank\" href=\"https:\/\/www.ft.com\/content\/58b078be-e0ab-492f-9dbf-c2fe67298dd3\" rel=\"nofollow noopener\">Financial Times<\/a> noticiou que a OpenAI e Jony Ive pretendem criar &#8220;um dispositivo do tamanho da palma da m\u00e3o, sem ecr\u00e3, que possa captar sinais audiovisuais do ambiente f\u00edsico e responder \u00e0s solicita\u00e7\u00f5es dos utilizadores&#8221;.<\/p>\n<p><a target=\"_blank\" href=\"https:\/\/pplware.sapo.pt\/wp-content\/uploads\/2025\/05\/imagem_io_ia_00.webp\" rel=\"nofollow noopener\"><img loading=\"lazy\" decoding=\"async\" src=\"https:\/\/www.europesays.com\/pt\/wp-content\/uploads\/2025\/10\/imagem_io_ia_00-720x405.webp.webp\" alt=\"\" width=\"720\" height=\"405\" class=\"aligncenter size-medium wp-image-1059252\"  \/><\/a><\/p>\n<p>Dispositivo com o ChatGPT ter\u00e1 de assegurar a privacidade dos utilizadores<\/p>\n<p>Embora o objetivo do gadget seja claro, quest\u00f5es n\u00e3o resolvidas em torno da &#8220;personalidade&#8221; do dispositivo, a forma como ele lida com a privacidade e a infraestrutura de computa\u00e7\u00e3o podem atrasar o lan\u00e7amento.<\/p>\n<p>Ao Financial Times, uma fonte adiantou que, em vez de esperar por um comando verbal espec\u00edfico, o dispositivo adotaria uma abordagem &#8220;sempre ativa&#8221;. Neste contexto, a equipa ter\u00e1 enfrentado dificuldades para garantir que ele s\u00f3 falasse quando fosse \u00fatil e encerrasse as conversas no momento apropriado.<\/p>\n<p>Ainda que um ChatGPT de bolso possa parecer entusiasmante, o hist\u00f3rico do mercado diz-nos que pode n\u00e3o ser o sucesso esperado. Recorde-se do <a target=\"_blank\" href=\"https:\/\/pplware.sapo.pt\/inteligencia-artificial\/rabbit-r1-um-assistente-virtual-de-bolso-alimentado-por-ia\/\" rel=\"nofollow noopener\">Rabbit R1<\/a>, um assistente virtual de bolso alimentado por IA, que rapidamente perdeu o interesse dos utilizadores, ap\u00f3s ser lan\u00e7ado no in\u00edcio do ano passado.<\/p>\n","protected":false},"excerpt":{"rendered":"Juntamente com Jony Ive, o conhecido ex-designer da Apple, a OpenAI planeia lan\u00e7ar um dispositivo que funcionar\u00e1 como&hellip;\n","protected":false},"author":2,"featured_media":100497,"comment_status":"","ping_status":"","sticky":false,"template":"","format":"standard","meta":{"footnotes":""},"categories":[84],"tags":[109,107,108,24530,933,24531,2430,32,33,105,103,104,106,110],"class_list":{"0":"post-100496","1":"post","2":"type-post","3":"status-publish","4":"format-standard","5":"has-post-thumbnail","7":"category-ciencia-e-tecnologia","8":"tag-ciencia","9":"tag-ciencia-e-tecnologia","10":"tag-cienciaetecnologia","11":"tag-dispositivo","12":"tag-inteligencia-artificial","13":"tag-jony-ive","14":"tag-openai","15":"tag-portugal","16":"tag-pt","17":"tag-science","18":"tag-science-and-technology","19":"tag-scienceandtechnology","20":"tag-technology","21":"tag-tecnologia"},"share_on_mastodon":{"url":"","error":""},"_links":{"self":[{"href":"https:\/\/www.europesays.com\/pt\/wp-json\/wp\/v2\/posts\/100496","targetHints":{"allow":["GET"]}}],"collection":[{"href":"https:\/\/www.europesays.com\/pt\/wp-json\/wp\/v2\/posts"}],"about":[{"href":"https:\/\/www.europesays.com\/pt\/wp-json\/wp\/v2\/types\/post"}],"author":[{"embeddable":true,"href":"https:\/\/www.europesays.com\/pt\/wp-json\/wp\/v2\/users\/2"}],"replies":[{"embeddable":true,"href":"https:\/\/www.europesays.com\/pt\/wp-json\/wp\/v2\/comments?post=100496"}],"version-history":[{"count":0,"href":"https:\/\/www.europesays.com\/pt\/wp-json\/wp\/v2\/posts\/100496\/revisions"}],"wp:featuredmedia":[{"embeddable":true,"href":"https:\/\/www.europesays.com\/pt\/wp-json\/wp\/v2\/media\/100497"}],"wp:attachment":[{"href":"https:\/\/www.europesays.com\/pt\/wp-json\/wp\/v2\/media?parent=100496"}],"wp:term":[{"taxonomy":"category","embeddable":true,"href":"https:\/\/www.europesays.com\/pt\/wp-json\/wp\/v2\/categories?post=100496"},{"taxonomy":"post_tag","embeddable":true,"href":"https:\/\/www.europesays.com\/pt\/wp-json\/wp\/v2\/tags?post=100496"}],"curies":[{"name":"wp","href":"https:\/\/api.w.org\/{rel}","templated":true}]}}