{"id":100513,"date":"2025-10-07T08:14:20","date_gmt":"2025-10-07T08:14:20","guid":{"rendered":"https:\/\/www.europesays.com\/pt\/100513\/"},"modified":"2025-10-07T08:14:20","modified_gmt":"2025-10-07T08:14:20","slug":"morreu-fernando-paulouro-neves-antigo-diretor-do-jornal-do-fundao","status":"publish","type":"post","link":"https:\/\/www.europesays.com\/pt\/100513\/","title":{"rendered":"Morreu Fernando Paulouro Neves, antigo diretor do Jornal do Fund\u00e3o"},"content":{"rendered":"<p><strong>O jornalista e escritor Fernando Paulouro Neves, morreu esta segunda-feira \u00e0 noite, adianta o <\/strong><a href=\"https:\/\/www.jornaldofundao.pt\/covilha\/morreu-fernando-paulouro-neves?fbclid=IwdGRzaANRIMNjbGNrA1Egq2V4dG4DYWVtAjExAAEeHW0VxOgamDBt1FRI9AWwS_OGzsrwXJ3O3kXjUzNTetqQRiuP9MsNvCr-dpk_aem_ZXAXa2kZgW4c2f9fVj-4Zw&amp;sfnsn=wa\" target=\"_blank\" rel=\"noreferrer noopener nofollow\"><strong>Jornal do Fund\u00e3o<\/strong><\/a><strong>. Tinha 78 anos.<\/strong><\/p>\n<p>Morreu um dia depois da apresenta\u00e7\u00e3o do livro &#8220;As Sombras do Combatente&#8221;, que decorreu na Biblioteca Eug\u00e9nio de Andrade, no Fund\u00e3o.<\/p>\n<p>O jornalista<strong> dedicou quase toda a vida ao Jornal do Fund\u00e3o<\/strong>, onde foi jornalista, chefe de reda\u00e7\u00e3o e diretor.<\/p>\n<p>Colaborou com m\u00faltiplos jornais e revistas. Fez parte do Sindicato dos Jornalistas e da Comiss\u00e3o da Carteira Profissional de Jornalista e presidiu ao Teatro das Beiras.<\/p>\n<p>Entre as<strong> distin\u00e7\u00f5es <\/strong>que recebeu est\u00e3o o Pr\u00e9mio Gazeta de M\u00e9rito do Clube dos Jornalistas, o Pr\u00e9mio Eduardo Louren\u00e7o e, em 2013, a Medalha de Ouro da cidade do Fund\u00e3o. No ano anterior, a Sociedade Ibero-Americana de Antropologia Aplicada distinguiu-o com o t\u00edtulo de s\u00f3cio de honra. <\/p>\n<p>Nos \u00faltimos anos, dedicou-me \u00e0 escrita. Publicou v\u00e1rios livros, como &#8220;O Foral: Tantos Relatos\/Tantas Perguntas&#8221;, &#8220;A Materna Casa da Poesia \u2013 Sobre Eug\u00e9nio de Andrade&#8221;, &#8220;Os Olhos do Medo&#8221;, &#8220;Cr\u00f3nica do Pa\u00eds Relativo \u2013 Portugal, Minha Quest\u00e3o&#8221;, &#8220;Fellini na Pra\u00e7a Velha&#8221;, &#8220;Brasil em Mim&#8221; e &#8220;O Informador e Outros Contos&#8221;.<\/p>\n<p>Nasceu no Fund\u00e3o no dia 31 de janeiro de 1947.<\/p>\n","protected":false},"excerpt":{"rendered":"O jornalista e escritor Fernando Paulouro Neves, morreu esta segunda-feira \u00e0 noite, adianta o Jornal do Fund\u00e3o. Tinha&hellip;\n","protected":false},"author":2,"featured_media":100514,"comment_status":"","ping_status":"","sticky":false,"template":"","format":"standard","meta":{"footnotes":""},"categories":[10],"tags":[27,28,15,16,14,25,26,21,22,12,13,19,20,32,23,24,33,17,18,29,30,31],"class_list":{"0":"post-100513","1":"post","2":"type-post","3":"status-publish","4":"format-standard","5":"has-post-thumbnail","7":"category-portugal","8":"tag-breaking-news","9":"tag-breakingnews","10":"tag-featured-news","11":"tag-featurednews","12":"tag-headlines","13":"tag-latest-news","14":"tag-latestnews","15":"tag-main-news","16":"tag-mainnews","17":"tag-news","18":"tag-noticias","19":"tag-noticias-principais","20":"tag-noticiasprincipais","21":"tag-portugal","22":"tag-principais-noticias","23":"tag-principaisnoticias","24":"tag-pt","25":"tag-top-stories","26":"tag-topstories","27":"tag-ultimas","28":"tag-ultimas-noticias","29":"tag-ultimasnoticias"},"share_on_mastodon":{"url":"","error":""},"_links":{"self":[{"href":"https:\/\/www.europesays.com\/pt\/wp-json\/wp\/v2\/posts\/100513","targetHints":{"allow":["GET"]}}],"collection":[{"href":"https:\/\/www.europesays.com\/pt\/wp-json\/wp\/v2\/posts"}],"about":[{"href":"https:\/\/www.europesays.com\/pt\/wp-json\/wp\/v2\/types\/post"}],"author":[{"embeddable":true,"href":"https:\/\/www.europesays.com\/pt\/wp-json\/wp\/v2\/users\/2"}],"replies":[{"embeddable":true,"href":"https:\/\/www.europesays.com\/pt\/wp-json\/wp\/v2\/comments?post=100513"}],"version-history":[{"count":0,"href":"https:\/\/www.europesays.com\/pt\/wp-json\/wp\/v2\/posts\/100513\/revisions"}],"wp:featuredmedia":[{"embeddable":true,"href":"https:\/\/www.europesays.com\/pt\/wp-json\/wp\/v2\/media\/100514"}],"wp:attachment":[{"href":"https:\/\/www.europesays.com\/pt\/wp-json\/wp\/v2\/media?parent=100513"}],"wp:term":[{"taxonomy":"category","embeddable":true,"href":"https:\/\/www.europesays.com\/pt\/wp-json\/wp\/v2\/categories?post=100513"},{"taxonomy":"post_tag","embeddable":true,"href":"https:\/\/www.europesays.com\/pt\/wp-json\/wp\/v2\/tags?post=100513"}],"curies":[{"name":"wp","href":"https:\/\/api.w.org\/{rel}","templated":true}]}}