{"id":100521,"date":"2025-10-07T08:28:25","date_gmt":"2025-10-07T08:28:25","guid":{"rendered":"https:\/\/www.europesays.com\/pt\/100521\/"},"modified":"2025-10-07T08:28:25","modified_gmt":"2025-10-07T08:28:25","slug":"contribuicoes-do-servico-domestico-seguranca-social-anuncia-novidade","status":"publish","type":"post","link":"https:\/\/www.europesays.com\/pt\/100521\/","title":{"rendered":"Contribui\u00e7\u00f5es do servi\u00e7o dom\u00e9stico? Seguran\u00e7a Social anuncia novidade"},"content":{"rendered":"<p>O Instituto da Seguran\u00e7a Social (ISS) anunciou, esta segunda-feira, que j\u00e1 \u00e9 poss\u00edvel efetuar o pagamento de contribui\u00e7\u00f5es de um trabalhador do servi\u00e7o dom\u00e9stico atrav\u00e9s do MB Way, &#8220;sem sair de casa, de forma simples, r\u00e1pida e segura&#8221;.<\/p>\n<p>Num <a href=\"https:\/\/www.seg-social.pt\/ptss\/pssd\/noticias\/pagamento-contribuicoes-trabalhador-servico-domestico-mbway\" target=\"_blank\" rel=\"noopener nofollow\">comunicado<\/a> publicado no seu site, o ISS explica que, &#8220;para utilizar este modo de pagamento, no Portal da Seguran\u00e7a Social, aceda ao menu Pagamentos e D\u00edvidas &gt; Consultar Posi\u00e7\u00e3o Atual&#8221;.<\/p>\n<p>&#8220;Ap\u00f3s autentica\u00e7\u00e3o, aceda \u00e0 op\u00e7\u00e3o Obter documentos j\u00e1 emitidos. No separador A\u00e7\u00f5es, selecione Pagar por MB Way &gt; insira o n\u00famero de telem\u00f3vel &gt; confirme o pagamento ap\u00f3s autoriza\u00e7\u00e3o no telem\u00f3vel&#8221;, pode ler-se.\u00a0<\/p>\n<p>Por outro lado, &#8220;pela APP Seguran\u00e7a Social Mobile, aceda ao menu Contribui\u00e7\u00f5es do Servi\u00e7o Dom\u00e9stico e realize o pagamento em poucos segundos, de forma c\u00f3moda e sem filas de espera&#8221;.<\/p>\n<p>&#8220;O pagamento das contribui\u00e7\u00f5es deve ser efetuado entre os dias 10 e 20 do m\u00eas seguinte \u00e0quele a que dizem respeito&#8221;, nota o ISS.\u00a0<\/p>\n<p>Inscri\u00e7\u00e3o de atividade de um trabalhador do servi\u00e7o dom\u00e9stico online<\/p>\n<p>O Instituto da Seguran\u00e7a Social revela que, &#8220;al\u00e9m do pagamento, a inscri\u00e7\u00e3o de atividade de um trabalhador do servi\u00e7o dom\u00e9stico pode igualmente ser feita no Portal da Seguran\u00e7a Social, sem necessidade de desloca\u00e7\u00f5es&#8221;.<\/p>\n<p>&#8220;O acesso \u00e9 feito atrav\u00e9s do menu Trabalho &gt; Entrada, sa\u00edda e destacamento de trabalhadores &gt; Admiss\u00e3o de trabalhadores &gt; Consultar e alterar v\u00ednculos de trabalhadores de servi\u00e7o dom\u00e9stico&#8221;, pode ler-se na mesma nota divulgada.<\/p>\n<p>Esta medida, explica o ISS, &#8220;integra o Programa de Transi\u00e7\u00e3o Digital da Seguran\u00e7a Social, no \u00e2mbito do PRR \u2013 Plano de Recupera\u00e7\u00e3o e Resili\u00eancia, refor\u00e7ando o compromisso de uma Seguran\u00e7a Social mais pr\u00f3xima, digital e imediata&#8221;.<\/p>\n<p>Omitir servi\u00e7o dom\u00e9stico deixa de ser crime? Governo n\u00e3o revela vantagens<\/p>\n<p>O Governo quer acabar com a criminaliza\u00e7\u00e3o da omiss\u00e3o da contrata\u00e7\u00e3o de trabalhadores \u00e0 Seguran\u00e7a Social, o que inclui o setor do servi\u00e7o dom\u00e9stico, mas n\u00e3o explica as vantagens da medida, nem o impacto na evas\u00e3o fiscal e contributiva.\u00a0<\/p>\n<p>                                                    <img decoding=\"async\" src=\"https:\/\/www.europesays.com\/pt\/wp-content\/uploads\/2025\/10\/naom_67599c2f4558b.jpg\" border=\"0\" alt=\"Omitir servi\u00e7o dom\u00e9stico deixa de ser crime? Governo n\u00e3o revela vantagens\"\/><\/p>\n<p>O anteprojeto reforma da legisla\u00e7\u00e3o laboral que o Governo de Lu\u00eds Montenegro apresentou aos parceiros sociais em julho, conhecido como &#8220;Trabalho XXI&#8221;, prop\u00f5e revogar uma norma do Regime Geral das Infra\u00e7\u00f5es Tribut\u00e1rias (RGIT) que desde 01 de maio de 2023 considera crime a omiss\u00e3o de comunica\u00e7\u00e3o da admiss\u00e3o de trabalhadores.<\/p>\n<p>                                                     Lusa | 08:27 &#8211; 13\/08\/2025 <\/p>\n<p>O anteprojeto reforma da legisla\u00e7\u00e3o laboral que o Governo de Lu\u00eds Montenegro apresentou aos parceiros sociais em julho, conhecido como &#8220;Trabalho XXI&#8221;, prop\u00f5e revogar uma norma do Regime Geral das Infra\u00e7\u00f5es Tribut\u00e1rias (RGIT) que desde 01 de maio de 2023 considera crime a omiss\u00e3o de comunica\u00e7\u00e3o da admiss\u00e3o de trabalhadores.<\/p>\n<p>Neste momento, se os empregadores n\u00e3o declararem uma contrata\u00e7\u00e3o nos seis meses seguintes ao fim do prazo previsto na lei para procederem a essa comunica\u00e7\u00e3o &#8212; em regra, nos 15 dias anteriores ao in\u00edcio da atividade &#8212; podem ser criminalizados com uma pena de pris\u00e3o de at\u00e9 tr\u00eas anos ou com uma multa de at\u00e9 360 dias (at\u00e9 180 mil euros).<\/p>\n<p>Questionado pela Lusa, o gabinete da ministra do Trabalho, Solidariedade e Seguran\u00e7a Social, Maria do Ros\u00e1rio Palma Ramalho, n\u00e3o esclareceu a raz\u00e3o pela qual considera positivo deixar de criminalizar a n\u00e3o declara\u00e7\u00e3o do trabalho dom\u00e9stico, tendo em conta o n\u00edvel de informalidade fiscal e contributiva que lhe est\u00e1 historicamente associado.<\/p>\n<p>Leia Tamb\u00e9m: <a href=\"https:\/\/www.noticiasaominuto.com\/economia\/2865110\/e-trabalhador-independente-nao-se-esqueca-de-entregar-esta-declaracao\" target=\"_blank\" rel=\"noopener noreferrer nofollow\">\u00c9 trabalhador independente? N\u00e3o se esque\u00e7a de entregar esta declara\u00e7\u00e3o<\/a><\/p>\n","protected":false},"excerpt":{"rendered":"O Instituto da Seguran\u00e7a Social (ISS) anunciou, esta segunda-feira, que j\u00e1 \u00e9 poss\u00edvel efetuar o pagamento de contribui\u00e7\u00f5es&hellip;\n","protected":false},"author":2,"featured_media":100522,"comment_status":"","ping_status":"","sticky":false,"template":"","format":"standard","meta":{"footnotes":""},"categories":[10],"tags":[27,28,15,16,14,25,26,21,22,12,13,19,20,32,23,24,33,17,18,29,30,31],"class_list":{"0":"post-100521","1":"post","2":"type-post","3":"status-publish","4":"format-standard","5":"has-post-thumbnail","7":"category-portugal","8":"tag-breaking-news","9":"tag-breakingnews","10":"tag-featured-news","11":"tag-featurednews","12":"tag-headlines","13":"tag-latest-news","14":"tag-latestnews","15":"tag-main-news","16":"tag-mainnews","17":"tag-news","18":"tag-noticias","19":"tag-noticias-principais","20":"tag-noticiasprincipais","21":"tag-portugal","22":"tag-principais-noticias","23":"tag-principaisnoticias","24":"tag-pt","25":"tag-top-stories","26":"tag-topstories","27":"tag-ultimas","28":"tag-ultimas-noticias","29":"tag-ultimasnoticias"},"share_on_mastodon":{"url":"","error":""},"_links":{"self":[{"href":"https:\/\/www.europesays.com\/pt\/wp-json\/wp\/v2\/posts\/100521","targetHints":{"allow":["GET"]}}],"collection":[{"href":"https:\/\/www.europesays.com\/pt\/wp-json\/wp\/v2\/posts"}],"about":[{"href":"https:\/\/www.europesays.com\/pt\/wp-json\/wp\/v2\/types\/post"}],"author":[{"embeddable":true,"href":"https:\/\/www.europesays.com\/pt\/wp-json\/wp\/v2\/users\/2"}],"replies":[{"embeddable":true,"href":"https:\/\/www.europesays.com\/pt\/wp-json\/wp\/v2\/comments?post=100521"}],"version-history":[{"count":0,"href":"https:\/\/www.europesays.com\/pt\/wp-json\/wp\/v2\/posts\/100521\/revisions"}],"wp:featuredmedia":[{"embeddable":true,"href":"https:\/\/www.europesays.com\/pt\/wp-json\/wp\/v2\/media\/100522"}],"wp:attachment":[{"href":"https:\/\/www.europesays.com\/pt\/wp-json\/wp\/v2\/media?parent=100521"}],"wp:term":[{"taxonomy":"category","embeddable":true,"href":"https:\/\/www.europesays.com\/pt\/wp-json\/wp\/v2\/categories?post=100521"},{"taxonomy":"post_tag","embeddable":true,"href":"https:\/\/www.europesays.com\/pt\/wp-json\/wp\/v2\/tags?post=100521"}],"curies":[{"name":"wp","href":"https:\/\/api.w.org\/{rel}","templated":true}]}}