{"id":100578,"date":"2025-10-07T09:37:18","date_gmt":"2025-10-07T09:37:18","guid":{"rendered":"https:\/\/www.europesays.com\/pt\/100578\/"},"modified":"2025-10-07T09:37:18","modified_gmt":"2025-10-07T09:37:18","slug":"mae-assiste-a-morte-dos-tres-filhos-em-acidente-violento-e-sobrevive-tragedia-emociona-muitos-dois-as-10","status":"publish","type":"post","link":"https:\/\/www.europesays.com\/pt\/100578\/","title":{"rendered":"M\u00e3e assiste \u00e0 morte dos tr\u00eas filhos em acidente violento e sobrevive. Trag\u00e9dia emociona muitos &#8211; Dois \u00e0s 10"},"content":{"rendered":"<p>                        Uma m\u00e3e sobreviveu a um violento acidente de via\u00e7\u00e3o que tirou a vida aos seus tr\u00eas filhos, de 6, 15 e 17 anos.<\/p>\n<p>Uma <strong>m\u00e3e de 48 anos sobreviveu<\/strong> a um tr\u00e1gico acidente rodovi\u00e1rio envolvendo o carro em que seguia com os seus tr\u00eas filhos e um cami\u00e3o de mercadorias, mas as crian\u00e7as \u2014 uma menina de 6 anos, um rapaz de 15 e uma jovem de 17 \u2014 <strong>n\u00e3o resistiram<\/strong>.<\/p>\n<p>De acordo com a revista <a href=\"https:\/\/people.com\/\" rel=\"nofollow noopener\" target=\"_blank\">People<\/a>, a <strong>Patrulha Rodovi\u00e1ria da Calif\u00f3rnia (CHP)<\/strong> explicou que a mulher ter\u00e1 <strong>falhado a paragem obrigat\u00f3ria<\/strong> no sinal de STOP, entrando no cruzamento e colidindo com um cami\u00e3o que transportava dois reboques.<\/p>\n<p>O <strong>impacto foi devastador<\/strong>. O cami\u00e3o perdeu o controlo, embateu num poste de eletricidade e acabou numa vala de irriga\u00e7\u00e3o. As autoridades confirmaram que os dois filhos mais novos foram <strong>projetados para fora do carro<\/strong> e, apesar das tentativas de salvamento, todas as crian\u00e7as morreram devido \u00e0 gravidade dos ferimentos.<\/p>\n<p>No momento do acidente, as duas crian\u00e7as mais novas <strong>n\u00e3o usavam cinto de seguran\u00e7a<\/strong>, enquanto a adolescente tinha o cinto mal colocado. A m\u00e3e, por sua vez, foi transportada para um hospital com <strong>ferimentos moderados<\/strong> e encontra-se em recupera\u00e7\u00e3o.<\/p>\n<p>Tamb\u00e9m o <strong>condutor do cami\u00e3o<\/strong>, um homem de 38 anos, e a <strong>passageira da frente do Honda<\/strong>, de 60 anos, receberam assist\u00eancia em hospitais locais com <strong>ferimentos ligeiros a moderados<\/strong>.<\/p>\n<p>As autoridades descartam, at\u00e9 ao momento, a influ\u00eancia de <strong>\u00e1lcool ou drogas<\/strong> no acidente. Em comunicado, a <strong>CHP<\/strong> alertou que \u00abcada viagem, cada crian\u00e7a, cada banco conta. \u00c9 fundamental garantir que todas as crian\u00e7as est\u00e3o devidamente presas. Os cintos de seguran\u00e7a salvam vidas e a condu\u00e7\u00e3o atenta evita trag\u00e9dias antes que aconte\u00e7am\u00bb.<\/p>\n","protected":false},"excerpt":{"rendered":"Uma m\u00e3e sobreviveu a um violento acidente de via\u00e7\u00e3o que tirou a vida aos seus tr\u00eas filhos, de&hellip;\n","protected":false},"author":2,"featured_media":100579,"comment_status":"","ping_status":"","sticky":false,"template":"","format":"standard","meta":{"footnotes":""},"categories":[83],"tags":[59,88,329,166,3412,3406,3409,801,3410,3411,3407,3408,89,90,3413,338,32,33],"class_list":{"0":"post-100578","1":"post","2":"type-post","3":"status-publish","4":"format-standard","5":"has-post-thumbnail","7":"category-empresas","8":"tag-acidente","9":"tag-business","10":"tag-claudio-ramos","11":"tag-cristina-ferreira","12":"tag-dois-10","13":"tag-dois-a-s-10-dois-a-s-10","14":"tag-dois-a-s-dez","15":"tag-dois-as-10","16":"tag-dois-as-dez","17":"tag-dois-dez","18":"tag-doisas10","19":"tag-doisasdez","20":"tag-economy","21":"tag-empresas","22":"tag-manha-tvi","23":"tag-maria-botelho-moniz","24":"tag-portugal","25":"tag-pt"},"share_on_mastodon":{"url":"","error":""},"_links":{"self":[{"href":"https:\/\/www.europesays.com\/pt\/wp-json\/wp\/v2\/posts\/100578","targetHints":{"allow":["GET"]}}],"collection":[{"href":"https:\/\/www.europesays.com\/pt\/wp-json\/wp\/v2\/posts"}],"about":[{"href":"https:\/\/www.europesays.com\/pt\/wp-json\/wp\/v2\/types\/post"}],"author":[{"embeddable":true,"href":"https:\/\/www.europesays.com\/pt\/wp-json\/wp\/v2\/users\/2"}],"replies":[{"embeddable":true,"href":"https:\/\/www.europesays.com\/pt\/wp-json\/wp\/v2\/comments?post=100578"}],"version-history":[{"count":0,"href":"https:\/\/www.europesays.com\/pt\/wp-json\/wp\/v2\/posts\/100578\/revisions"}],"wp:featuredmedia":[{"embeddable":true,"href":"https:\/\/www.europesays.com\/pt\/wp-json\/wp\/v2\/media\/100579"}],"wp:attachment":[{"href":"https:\/\/www.europesays.com\/pt\/wp-json\/wp\/v2\/media?parent=100578"}],"wp:term":[{"taxonomy":"category","embeddable":true,"href":"https:\/\/www.europesays.com\/pt\/wp-json\/wp\/v2\/categories?post=100578"},{"taxonomy":"post_tag","embeddable":true,"href":"https:\/\/www.europesays.com\/pt\/wp-json\/wp\/v2\/tags?post=100578"}],"curies":[{"name":"wp","href":"https:\/\/api.w.org\/{rel}","templated":true}]}}