{"id":100584,"date":"2025-10-07T09:43:46","date_gmt":"2025-10-07T09:43:46","guid":{"rendered":"https:\/\/www.europesays.com\/pt\/100584\/"},"modified":"2025-10-07T09:43:46","modified_gmt":"2025-10-07T09:43:46","slug":"uma-outra-visao-sobre-o-meio-ambiente","status":"publish","type":"post","link":"https:\/\/www.europesays.com\/pt\/100584\/","title":{"rendered":"Uma outra vis\u00e3o sobre o meio ambiente"},"content":{"rendered":"<p>Leandro Narloch sugere que \u00e9 poss\u00edvel admirar a civiliza\u00e7\u00e3o ocidental e ainda assim ligar para as quest\u00f5es ambientais<\/p>\n<p><img loading=\"lazy\" decoding=\"async\" src=\"https:\/\/www.europesays.com\/pt\/wp-content\/uploads\/2025\/10\/O8RsjKoSw7sp3tk7hlCal6jmNAZNl8iVHr4QayeLyvjqXMJ5jxe4eix1npzcqMYUJmOGuHkNtxlhWete.jpg\" width=\"122\" height=\"178\" \/>Depois de enfurecer ativistas e historiadores militantes com o Guia Politicamente Incorreto da Hist\u00f3ria do Brasil, Leandro Narloch mira outro campo, em Guia politicamente incorreto do meio ambiente (<a href=\"https:\/\/www.publishnews.com.br\/etiquetas\/avis-rara\" target=\"_blank\" rel=\"nofollow noopener\">Avis Rara<\/a>, 256 pp, R$ 69,90), repleto de tabus e ideias sagradas. Na escola, na imprensa e nos pain\u00e9is de clima, tentam nos convencer de que tudo que o ser humano faz \u00e9 errado. A mecaniza\u00e7\u00e3o do campo, a minera\u00e7\u00e3o, as cidades, a ind\u00fastria \u2013 tudo visto sob lentes problematizadoras, tudo retratado em tons de culpa e cat\u00e1strofe. Este livro mostra um outro mundo. Nossa rela\u00e7\u00e3o com o meio ambiente tem problemas, sim \u2015 mas tamb\u00e9m aprendizados, criatividade, supera\u00e7\u00f5es e avan\u00e7os espetaculares que no passado as pessoas mal conseguiam imaginar. Segundo o autor, \u00e9 poss\u00edvel admirar a civiliza\u00e7\u00e3o ocidental e ainda assim ligar para o meio ambiente.<\/p>\n","protected":false},"excerpt":{"rendered":"Leandro Narloch sugere que \u00e9 poss\u00edvel admirar a civiliza\u00e7\u00e3o ocidental e ainda assim ligar para as quest\u00f5es ambientais&hellip;\n","protected":false},"author":2,"featured_media":17657,"comment_status":"","ping_status":"","sticky":false,"template":"","format":"standard","meta":{"footnotes":""},"categories":[143],"tags":[868,877,867,169,869,872,873,880,114,115,874,870,875,878,879,864,876,237,871,170,865,866,13,32,33],"class_list":{"0":"post-100584","1":"post","2":"type-post","3":"status-publish","4":"format-standard","5":"has-post-thumbnail","7":"category-livros","8":"tag-best-seller","9":"tag-biblioteca","10":"tag-bienal-do-livro","11":"tag-books","12":"tag-clipping","13":"tag-e-book","14":"tag-ebook","15":"tag-editora","16":"tag-entertainment","17":"tag-entretenimento","18":"tag-escritor","19":"tag-eventos","20":"tag-festival-literario","21":"tag-lancamentos","22":"tag-leitura","23":"tag-literatura","24":"tag-livraria","25":"tag-livro","26":"tag-livro-digital","27":"tag-livros","28":"tag-mercado-editorial","29":"tag-mercado-livreiro","30":"tag-noticias","31":"tag-portugal","32":"tag-pt"},"share_on_mastodon":{"url":"","error":""},"_links":{"self":[{"href":"https:\/\/www.europesays.com\/pt\/wp-json\/wp\/v2\/posts\/100584","targetHints":{"allow":["GET"]}}],"collection":[{"href":"https:\/\/www.europesays.com\/pt\/wp-json\/wp\/v2\/posts"}],"about":[{"href":"https:\/\/www.europesays.com\/pt\/wp-json\/wp\/v2\/types\/post"}],"author":[{"embeddable":true,"href":"https:\/\/www.europesays.com\/pt\/wp-json\/wp\/v2\/users\/2"}],"replies":[{"embeddable":true,"href":"https:\/\/www.europesays.com\/pt\/wp-json\/wp\/v2\/comments?post=100584"}],"version-history":[{"count":0,"href":"https:\/\/www.europesays.com\/pt\/wp-json\/wp\/v2\/posts\/100584\/revisions"}],"wp:featuredmedia":[{"embeddable":true,"href":"https:\/\/www.europesays.com\/pt\/wp-json\/wp\/v2\/media\/17657"}],"wp:attachment":[{"href":"https:\/\/www.europesays.com\/pt\/wp-json\/wp\/v2\/media?parent=100584"}],"wp:term":[{"taxonomy":"category","embeddable":true,"href":"https:\/\/www.europesays.com\/pt\/wp-json\/wp\/v2\/categories?post=100584"},{"taxonomy":"post_tag","embeddable":true,"href":"https:\/\/www.europesays.com\/pt\/wp-json\/wp\/v2\/tags?post=100584"}],"curies":[{"name":"wp","href":"https:\/\/api.w.org\/{rel}","templated":true}]}}