{"id":100599,"date":"2025-10-07T10:02:12","date_gmt":"2025-10-07T10:02:12","guid":{"rendered":"https:\/\/www.europesays.com\/pt\/100599\/"},"modified":"2025-10-07T10:02:12","modified_gmt":"2025-10-07T10:02:12","slug":"equipa-de-ciclismo-israel-premier-tech-muda-de-nome-e-deixa-identidade-israelita","status":"publish","type":"post","link":"https:\/\/www.europesays.com\/pt\/100599\/","title":{"rendered":"Equipa de ciclismo Israel Premier-Tech muda de nome e deixa &#8220;identidade israelita&#8221;"},"content":{"rendered":"<p>                    <b>\u201cCom um compromisso inabal\u00e1vel com os nossos ciclistas, \u2018staff\u2019 e parceiros, tom\u00e1mos a decis\u00e3o de renomear e reformular a marca da equipa, afastando-nos da sua atual identidade israelita. No desporto, o desenvolvimento exige muitas vezes sacrif\u00edcio, e esta medida \u00e9 essencial para garantir o futuro da equipa\u201d<\/b>, l\u00ea-se num comunicado divulgado no site oficial da equipa.<\/p>\n<p>O ex-ciclista israelita Sylvan Adams \u00e9 um dos donos da equipa que, antevendo a temporada de 2026, &#8220;decidiu afastar-se do seu envolvimento di\u00e1rio e n\u00e3o falar\u00e1 mais em nome da equipa.&#8221;<\/p>\n<p>A presen\u00e7a da equipa de ciclismo, com licen\u00e7a israelita, foi muito contestada durante a Vuelta, com v\u00e1rias etapas a serem neutralizadas ou encurtadas por protestos pr\u00f3-Palestina, entre as quais a \u00faltima, que acabou por ser neutralizada, n\u00e3o se realizando a tradicional cerim\u00f3nia do p\u00f3dio, improvisada depois no parque de estacionamento do hotel das equipas, com o portugu\u00eas Jo\u00e3o Almeida (UAE Emirates) a subir ao segundo lugar.<\/p>\n<p>\u201cNos \u00faltimos 11 anos, a equipa, que evoluiu para Israel \u2013 Premier Tech h\u00e1 quatro anos, vivenciou os altos e baixos do desporto profissional\u201d, \u00e9 mencionado na nota. <b>\u201c\u00c9, e sempre foi, um projeto esportivo\u201d.<\/b><\/p>\n<p>A equipa expressa orgulha das \u201cconquistas na estrada, mas ainda mais da cultura que construiu\u201d, que \u201cfoi a base que permitiu \u00e0 e<b>quipa superar os desafios dos \u00faltimos meses, apoiando firmemente nossos ciclistas e equipe durante um per\u00edodo incrivelmente dif\u00edcil\u201d. <\/b><\/p>\n<p>Nesse sentido, <b>\u201cos propriet\u00e1rios e a administra\u00e7\u00e3o da equipa reconheceram a necessidade de mudan\u00e7a\u201d.<\/b><\/p>\n<p><b>\u201cMesmo com um novo cap\u00edtulo \u00e0 espera, que vai ser revelado em breve, a equipa vai manter-se fiel \u00e0 sua premissa de funda\u00e7\u00e3o: desenvolver talento no ciclismo de todo o mundo\u201d<\/b>, garante a equipa.<\/p>\n<blockquote class=\"twitter-tweet\"><p>&#13;<\/p>\n<p lang=\"en\" dir=\"ltr\">&#13;<br \/>\n\tTeam update: Monday October 6<a href=\"https:\/\/t.co\/9ETNX8vH6i\" rel=\"nofollow\">https:\/\/t.co\/9ETNX8vH6i<\/a>&#13;\n\t<\/p>\n<p>&#13;<br \/>\n\t\u2014 Israel \u2013 Premier Tech (@IsraelPremTech) <a href=\"https:\/\/twitter.com\/IsraelPremTech\/status\/1975206958580854788?ref_src=twsrc%5Etfw\" rel=\"nofollow noopener\" target=\"_blank\">October 6, 2025<\/a>&#13;\n<\/p><\/blockquote>\n<p>Esta temporada, a Israel-Premier Tech j\u00e1 somou 22 vit\u00f3rias, com destaque para os triunfos na classifica\u00e7\u00e3o geral do canadiano Derek Gee (O Gran Cami\u00f1o) e do australiano Corbin Strong (Volta \u00e0 Noruega), al\u00e9m da boa presta\u00e7\u00e3o do norte-americano Matthew Riccitello na Vuelta, que terminou em quinto e venceu da classifica\u00e7\u00e3o da juventude. <\/p>\n<p>&#13;<br \/>\nA Israel-Premier Tech \u00e9 considerada uma das melhores equipas da segunda divis\u00e3o do ciclismo mundial. Mas nas \u00faltimas semanas v\u00e1rias provas tinham rejeitado a presen\u00e7a da equipa, por motivos de seguran\u00e7a.&#13;\n<\/p>\n<p>&#13;<br \/>\nC\/ag\u00eancias&#13;\n<\/p>\n<p><script async src=\"https:\/\/platform.twitter.com\/widgets.js\" charset=\"utf-8\"><\/script><\/p>\n","protected":false},"excerpt":{"rendered":"\u201cCom um compromisso inabal\u00e1vel com os nossos ciclistas, \u2018staff\u2019 e parceiros, tom\u00e1mos a decis\u00e3o de renomear e reformular&hellip;\n","protected":false},"author":2,"featured_media":100600,"comment_status":"","ping_status":"","sticky":false,"template":"","format":"standard","meta":{"footnotes":""},"categories":[87],"tags":[135,13,32,33,420,421,134],"class_list":{"0":"post-100599","1":"post","2":"type-post","3":"status-publish","4":"format-standard","5":"has-post-thumbnail","7":"category-desporto","8":"tag-desporto","9":"tag-noticias","10":"tag-portugal","11":"tag-pt","12":"tag-rtp","13":"tag-rtp-noticias","14":"tag-sports"},"share_on_mastodon":{"url":"","error":""},"_links":{"self":[{"href":"https:\/\/www.europesays.com\/pt\/wp-json\/wp\/v2\/posts\/100599","targetHints":{"allow":["GET"]}}],"collection":[{"href":"https:\/\/www.europesays.com\/pt\/wp-json\/wp\/v2\/posts"}],"about":[{"href":"https:\/\/www.europesays.com\/pt\/wp-json\/wp\/v2\/types\/post"}],"author":[{"embeddable":true,"href":"https:\/\/www.europesays.com\/pt\/wp-json\/wp\/v2\/users\/2"}],"replies":[{"embeddable":true,"href":"https:\/\/www.europesays.com\/pt\/wp-json\/wp\/v2\/comments?post=100599"}],"version-history":[{"count":0,"href":"https:\/\/www.europesays.com\/pt\/wp-json\/wp\/v2\/posts\/100599\/revisions"}],"wp:featuredmedia":[{"embeddable":true,"href":"https:\/\/www.europesays.com\/pt\/wp-json\/wp\/v2\/media\/100600"}],"wp:attachment":[{"href":"https:\/\/www.europesays.com\/pt\/wp-json\/wp\/v2\/media?parent=100599"}],"wp:term":[{"taxonomy":"category","embeddable":true,"href":"https:\/\/www.europesays.com\/pt\/wp-json\/wp\/v2\/categories?post=100599"},{"taxonomy":"post_tag","embeddable":true,"href":"https:\/\/www.europesays.com\/pt\/wp-json\/wp\/v2\/tags?post=100599"}],"curies":[{"name":"wp","href":"https:\/\/api.w.org\/{rel}","templated":true}]}}