{"id":100631,"date":"2025-10-07T10:42:28","date_gmt":"2025-10-07T10:42:28","guid":{"rendered":"https:\/\/www.europesays.com\/pt\/100631\/"},"modified":"2025-10-07T10:42:28","modified_gmt":"2025-10-07T10:42:28","slug":"gouveia-e-melo-chega-usa-imigracao-para-jogar-com-emocoes-observador","status":"publish","type":"post","link":"https:\/\/www.europesays.com\/pt\/100631\/","title":{"rendered":"Gouveia e Melo. Chega usa &#8220;imigra\u00e7\u00e3o para jogar com emo\u00e7\u00f5es&#8221; \u2013 Observador"},"content":{"rendered":"<p><a href=\"https:\/\/observador.pt\/liveblogs\/lideres-de-esquerda-juntam-se-em-comicio-em-lisboa-psd-arranca-campanha-no-minho\/#liveblog-entry-731343-scroll\" target=\"_blank\" rel=\"noopener nofollow\">Acompanhe o liveblog sobre a pol\u00edtica nacional<\/a><\/p>\n<p>Henrique Gouveia e Melo deu uma entrevista \u00e0 esta\u00e7\u00e3o brasileira GloboNews, em que foi questionado sobre o peso do tema da imigra\u00e7\u00e3o no panorama pol\u00edtico portugu\u00eas. O candidato presidencial defendeu a necessidade de um \u201cequil\u00edbrio\u201d que permita olhar para a imigra\u00e7\u00e3o <strong>\u201cn\u00e3o como uma amea\u00e7a, mas como motor para o desenvolvimento econ\u00f3mico\u201d<\/strong>, num pequeno trecho da entrevista entretanto publicado.<\/p>\n<p>Nessa ocasi\u00e3o, tamb\u00e9m atacou o partido de Andr\u00e9 Ventura. \u201cOs partidos de extrema-direita, principalmente o Chega, utilizam a imigra\u00e7\u00e3o para, de alguma forma, jogar com as emo\u00e7\u00f5es e com os medos da popula\u00e7\u00e3o portuguesa para aumentar a sua representa\u00e7\u00e3o dentro da popula\u00e7\u00e3o\u201d, disse o candidato \u00e0 Presid\u00eancia da Rep\u00fablica, quando questionado sobre as <a href=\"https:\/\/observador.pt\/especiais\/o-que-mudou-quem-aprovou-ainda-pode-ser-travada-oito-respostas-para-entender-a-nova-lei-dos-estrangeiros\/\" target=\"_blank\" rel=\"noopener nofollow\">altera\u00e7\u00f5es \u00e0 lei da imigra\u00e7\u00e3o.<\/a><\/p>\n<blockquote class=\"wp-embedded-content\" data-secret=\"9DzMKRNfwW\">\n<p><a href=\"https:\/\/observador.pt\/especiais\/o-que-mudou-quem-aprovou-ainda-pode-ser-travada-oito-respostas-para-entender-a-nova-lei-dos-estrangeiros\/\" rel=\"nofollow noopener\" target=\"_blank\">O que mudou? Quem aprovou? Ainda pode ser travada? Oito respostas para entender a nova lei dos estrangeiros<\/a><\/p>\n<\/blockquote>\n<p>Em rea\u00e7\u00e3o \u00e0 pergunta, Gouveia e Melo afirmou que \u201cos outros partidos acabaram por seguir uma pol\u00edtica para tentar esvaziar essa mudan\u00e7a da popula\u00e7\u00e3o para a direita e extrema-direita\u201d. \u201cTentaram fazer uma pol\u00edtica de apaziguamento, aproximando-se de alguma forma dessas ideias de controlo migrat\u00f3rio, que eram as ideias que mais preocupavam os portugueses.\u201d<\/p>\n<p>Gouveia e Melo reconheceu que existiu um \u201cper\u00edodo de descontrolo muito grande, sem regula\u00e7\u00e3o praticamente de imigrantes\u201d, que resultou num \u201caumento da popula\u00e7\u00e3o de quase 15% em poucos anos\u201d, pressionando os servi\u00e7os p\u00fablicos, habita\u00e7\u00e3o e \u201ccriando alguns gaps que naturalmente criaram uma crispa\u00e7\u00e3o na sociedade portuguesa\u201d.<\/p>\n<p>Portugal \u201ctem de ter cuidado, enquanto pa\u00eds, para n\u00e3o envelhecermos sozinhos\u201d, sublinhou o candidato a Bel\u00e9m, referindo-se ao envelhecimento da popula\u00e7\u00e3o.<\/p>\n<p>\u201cO que acho que vai acontecer, no meio desta press\u00e3o da extrema-direita e de, alguma forma, tamb\u00e9m da rea\u00e7\u00e3o da popula\u00e7\u00e3o como um todo, \u00e9 encontrar um sistema de equil\u00edbrio que, por um lado, olhe para a imigra\u00e7\u00e3o n\u00e3o como amea\u00e7a mas como motor para o desenvolvimento econ\u00f3mico (\u2026) que vai permitir a sustenta\u00e7\u00e3o da Seguran\u00e7a Social e de uma sociedade que, sem essa imigra\u00e7\u00e3o, fica irremediavelmente condenada a uma pir\u00e2mide et\u00e1ria invertida que vai afetar fortemente a economia.\u201d<\/p>\n<p>                            Se tiver uma hist\u00f3ria que queira partilhar sobre irregularidades na sua autarquia, preencha<br \/>\n                            <a href=\"https:\/\/forms.gle\/uQ1gDpSwmRd7ezUf8\" target=\"_blank\" rel=\"noopener noreferrer nofollow\">este formul\u00e1rio an\u00f3nimo<\/a>.<\/p>\n","protected":false},"excerpt":{"rendered":"Acompanhe o liveblog sobre a pol\u00edtica nacional Henrique Gouveia e Melo deu uma entrevista \u00e0 esta\u00e7\u00e3o brasileira GloboNews,&hellip;\n","protected":false},"author":2,"featured_media":100632,"comment_status":"","ping_status":"","sticky":false,"template":"","format":"standard","meta":{"footnotes":""},"categories":[10],"tags":[7605,27,28,1077,15,16,14,25,26,21,22,12,13,19,20,302,32,5215,23,24,33,17,18,29,30,31],"class_list":{"0":"post-100631","1":"post","2":"type-post","3":"status-publish","4":"format-standard","5":"has-post-thumbnail","7":"category-portugal","8":"tag-almirante-gouveia-e-melo","9":"tag-breaking-news","10":"tag-breakingnews","11":"tag-eleiu00e7u00f5es","12":"tag-featured-news","13":"tag-featurednews","14":"tag-headlines","15":"tag-latest-news","16":"tag-latestnews","17":"tag-main-news","18":"tag-mainnews","19":"tag-news","20":"tag-noticias","21":"tag-noticias-principais","22":"tag-noticiasprincipais","23":"tag-polu00edtica","24":"tag-portugal","25":"tag-presidenciais","26":"tag-principais-noticias","27":"tag-principaisnoticias","28":"tag-pt","29":"tag-top-stories","30":"tag-topstories","31":"tag-ultimas","32":"tag-ultimas-noticias","33":"tag-ultimasnoticias"},"share_on_mastodon":{"url":"","error":""},"_links":{"self":[{"href":"https:\/\/www.europesays.com\/pt\/wp-json\/wp\/v2\/posts\/100631","targetHints":{"allow":["GET"]}}],"collection":[{"href":"https:\/\/www.europesays.com\/pt\/wp-json\/wp\/v2\/posts"}],"about":[{"href":"https:\/\/www.europesays.com\/pt\/wp-json\/wp\/v2\/types\/post"}],"author":[{"embeddable":true,"href":"https:\/\/www.europesays.com\/pt\/wp-json\/wp\/v2\/users\/2"}],"replies":[{"embeddable":true,"href":"https:\/\/www.europesays.com\/pt\/wp-json\/wp\/v2\/comments?post=100631"}],"version-history":[{"count":0,"href":"https:\/\/www.europesays.com\/pt\/wp-json\/wp\/v2\/posts\/100631\/revisions"}],"wp:featuredmedia":[{"embeddable":true,"href":"https:\/\/www.europesays.com\/pt\/wp-json\/wp\/v2\/media\/100632"}],"wp:attachment":[{"href":"https:\/\/www.europesays.com\/pt\/wp-json\/wp\/v2\/media?parent=100631"}],"wp:term":[{"taxonomy":"category","embeddable":true,"href":"https:\/\/www.europesays.com\/pt\/wp-json\/wp\/v2\/categories?post=100631"},{"taxonomy":"post_tag","embeddable":true,"href":"https:\/\/www.europesays.com\/pt\/wp-json\/wp\/v2\/tags?post=100631"}],"curies":[{"name":"wp","href":"https:\/\/api.w.org\/{rel}","templated":true}]}}