{"id":100633,"date":"2025-10-07T10:50:08","date_gmt":"2025-10-07T10:50:08","guid":{"rendered":"https:\/\/www.europesays.com\/pt\/100633\/"},"modified":"2025-10-07T10:50:08","modified_gmt":"2025-10-07T10:50:08","slug":"cascais-vai-voltar-a-tentar-comprar-o-autodromo-do-estoril","status":"publish","type":"post","link":"https:\/\/www.europesays.com\/pt\/100633\/","title":{"rendered":"Cascais vai voltar a tentar comprar o Aut\u00f3dromo do Estoril"},"content":{"rendered":"<p>Em comunicado, a C\u00e2mara Municipal de Cascais, no distrito de Lisboa, refere que pretende adquirir o equipamento, atrav\u00e9s da aquisi\u00e7\u00e3o \u00e0 Parp\u00fablica, que agrega as participa\u00e7\u00f5es do Estado em empresas.<\/p>\n<p data-remotead-prev-elm=\"true\" data-remotead-elm-id=\"inread\">&#8220;Em 2026 faz 30 anos que se realizou o \u00faltimo Grande Pr\u00e9mio no Estoril. Nessa altura iremos reiniciar uma nova etapa deste m\u00edtico circuito mundial, ficando a autarquia com a gest\u00e3o deste equipamento&#8221;, indicou o vice-presidente da C\u00e2mara de Cascais, Nuno Piteira Lopes (PSD), citado na nota.<\/p>\n<p>Segundo a autarquia, os detalhes da aquisi\u00e7\u00e3o foram abordados numa reuni\u00e3o entre a C\u00e2mara de Cascais e o secret\u00e1rio de Estado do Turismo, Com\u00e9rcio e Servi\u00e7os, Pedro Machado, na segunda-feira.<\/p>\n<p data-remotead-prev-elm=\"true\" data-remotead-elm-id=\"centro1\">Esta n\u00e3o \u00e9 a primeira vez que a C\u00e2mara de Cascais, presidida atualmente pelo social-democrata Carlos Carreiras, tenta comprar ao Estado o Aut\u00f3dromo do Estoril.<\/p>\n<p>Em 2015, a autarquia chegou a avan\u00e7ar para a aquisi\u00e7\u00e3o do equipamento, por uma verba de cerca de cinco milh\u00f5es de euros, mas o neg\u00f3cio foi chumbado pelo Tribunal de Contas.<\/p>\n<p data-remotead-prev-elm=\"true\" data-remotead-elm-id=\"centro2\">O Aut\u00f3dromo do Estoril foi inaugurado em junho de 1972, como um equipamento que se queria de refer\u00eancia para o turismo em Cascais.<\/p>\n<p>Al\u00e9m de adquirir o Aut\u00f3dromo, a C\u00e2mara de Cascais pretende tamb\u00e9m negociar o regresso da F\u00f3rmula 1 ao Estoril em 2028 e assegurar em 2027 a realiza\u00e7\u00e3o de uma prova de MotoGP, garantindo &#8220;total disponibilidade para fazer as interven\u00e7\u00f5es necess\u00e1rias, em conjunto com parceiros privados&#8221;.<\/p>\n<p data-remotead-prev-elm=\"true\" data-remotead-elm-id=\"centro3\">Ainda segundo a C\u00e2mara de Cascais, na reuni\u00e3o com o Governo foi tamb\u00e9m abordada a gest\u00e3o da Escola de Hotelaria e Turismo do Estoril, que a autarquia quer assumir &#8220;em parceria com a NOVA, permitindo uma moderniza\u00e7\u00e3o e requalifica\u00e7\u00e3o da escola&#8221;.<\/p>\n","protected":false},"excerpt":{"rendered":"Em comunicado, a C\u00e2mara Municipal de Cascais, no distrito de Lisboa, refere que pretende adquirir o equipamento, atrav\u00e9s&hellip;\n","protected":false},"author":2,"featured_media":100634,"comment_status":"","ping_status":"","sticky":false,"template":"","format":"standard","meta":{"footnotes":""},"categories":[87],"tags":[22950,135,970,32,33,134,1456],"class_list":{"0":"post-100633","1":"post","2":"type-post","3":"status-publish","4":"format-standard","5":"has-post-thumbnail","7":"category-desporto","8":"tag-concelho-cascais","9":"tag-desporto","10":"tag-f1","11":"tag-portugal","12":"tag-pt","13":"tag-sports","14":"tag-turismo"},"share_on_mastodon":{"url":"","error":""},"_links":{"self":[{"href":"https:\/\/www.europesays.com\/pt\/wp-json\/wp\/v2\/posts\/100633","targetHints":{"allow":["GET"]}}],"collection":[{"href":"https:\/\/www.europesays.com\/pt\/wp-json\/wp\/v2\/posts"}],"about":[{"href":"https:\/\/www.europesays.com\/pt\/wp-json\/wp\/v2\/types\/post"}],"author":[{"embeddable":true,"href":"https:\/\/www.europesays.com\/pt\/wp-json\/wp\/v2\/users\/2"}],"replies":[{"embeddable":true,"href":"https:\/\/www.europesays.com\/pt\/wp-json\/wp\/v2\/comments?post=100633"}],"version-history":[{"count":0,"href":"https:\/\/www.europesays.com\/pt\/wp-json\/wp\/v2\/posts\/100633\/revisions"}],"wp:featuredmedia":[{"embeddable":true,"href":"https:\/\/www.europesays.com\/pt\/wp-json\/wp\/v2\/media\/100634"}],"wp:attachment":[{"href":"https:\/\/www.europesays.com\/pt\/wp-json\/wp\/v2\/media?parent=100633"}],"wp:term":[{"taxonomy":"category","embeddable":true,"href":"https:\/\/www.europesays.com\/pt\/wp-json\/wp\/v2\/categories?post=100633"},{"taxonomy":"post_tag","embeddable":true,"href":"https:\/\/www.europesays.com\/pt\/wp-json\/wp\/v2\/tags?post=100633"}],"curies":[{"name":"wp","href":"https:\/\/api.w.org\/{rel}","templated":true}]}}