{"id":100639,"date":"2025-10-07T10:54:13","date_gmt":"2025-10-07T10:54:13","guid":{"rendered":"https:\/\/www.europesays.com\/pt\/100639\/"},"modified":"2025-10-07T10:54:13","modified_gmt":"2025-10-07T10:54:13","slug":"sucessor-do-mitsubishi-colt-imaginado-ficou-melhor-que-o-clio","status":"publish","type":"post","link":"https:\/\/www.europesays.com\/pt\/100639\/","title":{"rendered":"Sucessor do Mitsubishi Colt imaginado. Ficou melhor que o Clio?"},"content":{"rendered":"<p>\n\tO Mitsubishi Colt n\u00e3o vai ter sucessor, mas um artista digital imaginou como seria tendo como ponto de partida a sexta gera\u00e7\u00e3o do Renault Clio.\n<\/p>\n<p>\t<img fetchpriority=\"high\" width=\"925\" height=\"520\" src=\"https:\/\/www.europesays.com\/pt\/wp-content\/uploads\/2025\/10\/Mitsubishi-Colt-GPL-01-16_9-925x520.webp.webp\" class=\"post-featured-img h-auto\" alt=\"Mitsubishi Colt GPL - 3\/4 de frente\" decoding=\"async\" loading=\"eager\"  \/><\/p>\n<p>\n\t\t\t\t\u00a9 Andr\u00e9 Mendes \/ Raz\u00e3o Autom\u00f3vel\n\t\t\t<\/p>\n<p>O atual Mitsubishi Colt n\u00e3o \u00e9 mais do que um clone da quinta gera\u00e7\u00e3o do Renault Clio, mas com a chegada iminente da <a href=\"https:\/\/youtu.be\/qTzO8bs6HR4?si=-wWdNawiHRWGSM8I\" rel=\"nofollow noopener\" target=\"_blank\">sexta gera\u00e7\u00e3o do utilit\u00e1rio franc\u00eas<\/a>, n\u00e3o custa imaginar como poderia ser o sucessor.<\/p>\n<p>O artista digital <a href=\"https:\/\/www.instagram.com\/theottle\/?hl=en\" target=\"_blank\" rel=\"noreferrer noopener nofollow\">Theophilus Chin<\/a> casou os elementos visuais da dianteira e da traseira do <a href=\"https:\/\/www.razaoautomovel.com\/noticias\/apresentacao-mitsubishi-eclipse-cross-eletrico-2025\/\" rel=\"nofollow noopener\" target=\"_blank\">novo Eclipse Cross<\/a> \u2014 que deriva diretamente do Renault Scenic \u2014, e aplicou-os \u00e0 carro\u00e7aria do novo Clio.<\/p>\n<p>Nas imagens abaixo pode ver o resultado e n\u00e3o \u00e9 dif\u00edcil admitir que o conjunto final at\u00e9 pode ser considerado visualmente mais consensual do que o do modelo dador.<\/p>\n<p>No entanto, j\u00e1 sabemos que este cen\u00e1rio n\u00e3o ir\u00e1 acontecer. Isto porque a Mitsubishi anunciou recentemente que o Colt ser\u00e1 descontinuado a breve prazo e n\u00e3o ter\u00e1 sucessor. A marca dos tr\u00eas diamantes vai focar-se apenas na oferta de crossover e SUV. A gama europeia ir\u00e1 iniciar-se, assim, no <a href=\"https:\/\/www.razaoautomovel.com\/testes\/ensaio-mitsubishi-asx-bi-fuel-gpl\/\" rel=\"nofollow noopener\" target=\"_blank\">ASX<\/a> (o clone do Renault Captur).<\/p>\n<p>Ali\u00e1s, a Mitsubishi deixar\u00e1 de ficar representada no segmento dos citadinos e utilit\u00e1rios. O Space Star j\u00e1 tinha sido descontinuado e o Colt juntar-se-\u00e1 brevemente a este.<\/p>\n<p style=\"font-family: 'Adelle Sans', sans-serif; font-size:15px;font-style:normal;font-weight:400\"><strong>Sobre o \u201cArranque a Frio\u201d.<\/strong> De segunda a sexta-feira na Raz\u00e3o Autom\u00f3vel, h\u00e1 um \u201cArranque a Frio\u201d \u00e0s 7h00 da manh\u00e3. Enquanto bebe o seu caf\u00e9 ou ganha coragem para come\u00e7ar o dia, fique a par de curiosidades, factos hist\u00f3ricos e v\u00eddeos relevantes do mundo autom\u00f3vel. Tudo em menos de 200 palavras.<\/p>\n<p>\t\t\tSabe esta resposta?<br \/>\n\t\t\tAl\u00e9m do Lancer, que outro Mitsubishi recebeu a designa\u00e7\u00e3o Evolution?<\/p>\n<p>\t\t\t\t\t<script async src=\"\/\/www.instagram.com\/embed.js\"><\/script><\/p>\n","protected":false},"excerpt":{"rendered":"O Mitsubishi Colt n\u00e3o vai ter sucessor, mas um artista digital imaginou como seria tendo como ponto de&hellip;\n","protected":false},"author":2,"featured_media":100640,"comment_status":"","ping_status":"","sticky":false,"template":"","format":"standard","meta":{"footnotes":""},"categories":[83],"tags":[990,88,204,89,90,20128,24556,32,33,1156,1924],"class_list":{"0":"post-100639","1":"post","2":"type-post","3":"status-publish","4":"format-standard","5":"has-post-thumbnail","7":"category-empresas","8":"tag-arranque-a-frio","9":"tag-business","10":"tag-design","11":"tag-economy","12":"tag-empresas","13":"tag-mitsubishi","14":"tag-mitsubishi-colt","15":"tag-portugal","16":"tag-pt","17":"tag-renault","18":"tag-renault-clio"},"share_on_mastodon":{"url":"","error":""},"_links":{"self":[{"href":"https:\/\/www.europesays.com\/pt\/wp-json\/wp\/v2\/posts\/100639","targetHints":{"allow":["GET"]}}],"collection":[{"href":"https:\/\/www.europesays.com\/pt\/wp-json\/wp\/v2\/posts"}],"about":[{"href":"https:\/\/www.europesays.com\/pt\/wp-json\/wp\/v2\/types\/post"}],"author":[{"embeddable":true,"href":"https:\/\/www.europesays.com\/pt\/wp-json\/wp\/v2\/users\/2"}],"replies":[{"embeddable":true,"href":"https:\/\/www.europesays.com\/pt\/wp-json\/wp\/v2\/comments?post=100639"}],"version-history":[{"count":0,"href":"https:\/\/www.europesays.com\/pt\/wp-json\/wp\/v2\/posts\/100639\/revisions"}],"wp:featuredmedia":[{"embeddable":true,"href":"https:\/\/www.europesays.com\/pt\/wp-json\/wp\/v2\/media\/100640"}],"wp:attachment":[{"href":"https:\/\/www.europesays.com\/pt\/wp-json\/wp\/v2\/media?parent=100639"}],"wp:term":[{"taxonomy":"category","embeddable":true,"href":"https:\/\/www.europesays.com\/pt\/wp-json\/wp\/v2\/categories?post=100639"},{"taxonomy":"post_tag","embeddable":true,"href":"https:\/\/www.europesays.com\/pt\/wp-json\/wp\/v2\/tags?post=100639"}],"curies":[{"name":"wp","href":"https:\/\/api.w.org\/{rel}","templated":true}]}}