{"id":100651,"date":"2025-10-07T11:08:18","date_gmt":"2025-10-07T11:08:18","guid":{"rendered":"https:\/\/www.europesays.com\/pt\/100651\/"},"modified":"2025-10-07T11:08:18","modified_gmt":"2025-10-07T11:08:18","slug":"ouro-com-novo-maximo-historico-de-3977-dolares","status":"publish","type":"post","link":"https:\/\/www.europesays.com\/pt\/100651\/","title":{"rendered":"Ouro com novo m\u00e1ximo hist\u00f3rico de 3977 d\u00f3lares"},"content":{"rendered":"<p>De acordo com os dados da Bloomberg recolhidos pela ag\u00eancia espanhola EFE, o ouro atingiu este novo m\u00e1ximo hist\u00f3rico \u00e0s 2.32 horas (hora de Portugal continental). Assim, superou o <a href=\"https:\/\/www.jn.pt\/economia\/artigo\/ouro-atinge-novo-recorde-de-qause-3945-dolares\/17993144\" target=\"_blank\" rel=\"nofollow noopener\">recorde alcan\u00e7ado no dia anterior<\/a>, de 3970,08 d\u00f3lares.<\/p>\n<p data-remotead-prev-elm=\"true\" data-remotead-elm-id=\"inread\">O ouro atingiu novos m\u00e1ximos em plena paralisa\u00e7\u00e3o parcial do governo federal dos Estados Unidos, enquanto em Fran\u00e7a, o presidente Emmanuel Macron decidiu dar ao primeiro-ministro interino, S\u00e9bastien Lecornu, at\u00e9 \u00e0 pr\u00f3xima quarta-feira para negociar &#8220;uma plataforma de a\u00e7\u00e3o&#8221; que ajudar\u00e1 o pa\u00eds a sair do impasse pol\u00edtico em que se encontra.<\/p>\n<p>Este ano, o <strong>ouro valorizou 49%<\/strong>, impulsionado por compras maci\u00e7as por parte dos bancos centrais, um d\u00f3lar fraco e o contexto geopol\u00edtico.<\/p>\n","protected":false},"excerpt":{"rendered":"De acordo com os dados da Bloomberg recolhidos pela ag\u00eancia espanhola EFE, o ouro atingiu este novo m\u00e1ximo&hellip;\n","protected":false},"author":2,"featured_media":100652,"comment_status":"","ping_status":"","sticky":false,"template":"","format":"standard","meta":{"footnotes":""},"categories":[83],"tags":[88,476,89,90,413,208,15644,32,33],"class_list":{"0":"post-100651","1":"post","2":"type-post","3":"status-publish","4":"format-standard","5":"has-post-thumbnail","7":"category-empresas","8":"tag-business","9":"tag-economia","10":"tag-economy","11":"tag-empresas","12":"tag-eua","13":"tag-franca","14":"tag-ouro","15":"tag-portugal","16":"tag-pt"},"share_on_mastodon":{"url":"","error":""},"_links":{"self":[{"href":"https:\/\/www.europesays.com\/pt\/wp-json\/wp\/v2\/posts\/100651","targetHints":{"allow":["GET"]}}],"collection":[{"href":"https:\/\/www.europesays.com\/pt\/wp-json\/wp\/v2\/posts"}],"about":[{"href":"https:\/\/www.europesays.com\/pt\/wp-json\/wp\/v2\/types\/post"}],"author":[{"embeddable":true,"href":"https:\/\/www.europesays.com\/pt\/wp-json\/wp\/v2\/users\/2"}],"replies":[{"embeddable":true,"href":"https:\/\/www.europesays.com\/pt\/wp-json\/wp\/v2\/comments?post=100651"}],"version-history":[{"count":0,"href":"https:\/\/www.europesays.com\/pt\/wp-json\/wp\/v2\/posts\/100651\/revisions"}],"wp:featuredmedia":[{"embeddable":true,"href":"https:\/\/www.europesays.com\/pt\/wp-json\/wp\/v2\/media\/100652"}],"wp:attachment":[{"href":"https:\/\/www.europesays.com\/pt\/wp-json\/wp\/v2\/media?parent=100651"}],"wp:term":[{"taxonomy":"category","embeddable":true,"href":"https:\/\/www.europesays.com\/pt\/wp-json\/wp\/v2\/categories?post=100651"},{"taxonomy":"post_tag","embeddable":true,"href":"https:\/\/www.europesays.com\/pt\/wp-json\/wp\/v2\/tags?post=100651"}],"curies":[{"name":"wp","href":"https:\/\/api.w.org\/{rel}","templated":true}]}}