{"id":100750,"date":"2025-10-07T12:32:10","date_gmt":"2025-10-07T12:32:10","guid":{"rendered":"https:\/\/www.europesays.com\/pt\/100750\/"},"modified":"2025-10-07T12:32:10","modified_gmt":"2025-10-07T12:32:10","slug":"samsung-confirma-data-de-lancamento-do-galaxy-m17-5g-veja-o-que-esperar","status":"publish","type":"post","link":"https:\/\/www.europesays.com\/pt\/100750\/","title":{"rendered":"Samsung confirma data de lan\u00e7amento do Galaxy M17 5G; veja o que esperar"},"content":{"rendered":"<p>A <strong>Samsung <\/strong>est\u00e1 se preparando para lan\u00e7ar um novo smartphone de entrada: o <strong>Galaxy M17 5G<\/strong>. Esse modelo, que chegar\u00e1 como sucessor direto do <strong>Galaxy M16 5G<\/strong>, <a class=\"tg-link-manual\" href=\"https:\/\/www.oficinadanet.com.br\/samsung\/60201-samsung-lanca-galaxy-m16-m06\" rel=\"nofollow noopener\" target=\"_blank\">oficializado em fevereiro deste ano<\/a>, teve sua data de lan\u00e7amento confirmada: <strong>10 de outubro<\/strong>, ou seja, na pr\u00f3xima sexta-feira. A gigante sul-coreana tamb\u00e9m revelou algumas das especifica\u00e7\u00f5es do aparelho.<\/p>\n<p>O que esperar do Galaxy M17 5G<\/p>\n<p>A <strong>Samsung <\/strong>j\u00e1 confirmou que o <strong>Galaxy M17 5G<\/strong> ter\u00e1 uma <strong>c\u00e2mera principal de 50 MP<\/strong> com <strong>estabiliza\u00e7\u00e3o \u00f3ptica<\/strong> <strong>de imagem<\/strong> (<a href=\"https:\/\/www.oficinadanet.com.br\/samsung\/OIS\" class=\"lib tg-lib\" rel=\"nofollow  noopener\" target=\"_blank\">OIS<\/a>), al\u00e9m de uma <strong>grande-angular de 5 MP<\/strong> e outra <strong>macro de 2 MP<\/strong>. Na parte frontal, h\u00e1 um <strong>sensor de selfies de 13 MP<\/strong>.<\/p>\n<p>O aparelho tamb\u00e9m entrega um display <strong>AMOLED de 6,7 polegadas <\/strong>com prote\u00e7\u00e3o <strong>Gorilla Glass Victus<\/strong>, certifica\u00e7\u00e3o IP54 e processador <strong>Exynos 1330<\/strong>. Ele ainda ter\u00e1 <strong>7,5 mm de espessura<\/strong> e ser\u00e1 o primeiro modelo da linha Galaxy M1x a oferecer <strong>recursos de intelig\u00eancia artificial<\/strong>, como o Circule para Pesquisar do <strong>Google<\/strong>.<\/p>\n<p>            &#13;<br \/>\n                    &#13;<br \/>\n                        &#13;<br \/>\n                        &#13;<br \/>\n                        &#13;<br \/>\n                        &#13;<br \/>\n                        <img decoding=\"async\" loading=\"lazy\" width=\"330\" height=\"193\" src=\"https:\/\/www.europesays.com\/pt\/wp-content\/uploads\/2025\/10\/samsung-galaxy-m17-5g-india-launch.jpg\"  alt=\"Galaxy M17 5G ser\u00e1 lan\u00e7ado na pr\u00f3xima sexta-feira (10)\" title=\"Galaxy M17 5G ser\u00e1 lan\u00e7ado na pr\u00f3xima sexta-feira (10)\"\/>&#13;<br \/>\n                    Galaxy M17 5G ser\u00e1 lan\u00e7ado na pr\u00f3xima sexta-feira (10)&#13;<\/p>\n<p>Por fim, a <strong>Samsung <\/strong>revelou que o <strong>Galaxy M17 5G<\/strong> estar\u00e1 dispon\u00edvel em duas cores: Moonlight Silver e Sapphire Black. Ap\u00f3s o lan\u00e7amento, que acontecer\u00e1 na \u00cdndia, o modelo ser\u00e1 vendido exclusivamente pela <strong>Amazon<\/strong>.<\/p>\n<p>Quando chega ao Brasil?<\/p>\n<p>Ainda n\u00e3o h\u00e1 informa\u00e7\u00f5es sobre a disponibilidade no Brasil, mas existe a possibilidade do aparelho <strong>n\u00e3o ser vendido em territ\u00f3rio nacional<\/strong>. O <strong>Galaxy M16 5G<\/strong>, por exemplo, at\u00e9 agora n\u00e3o chegou de forma oficial ao pa\u00eds.<\/p>\n<p>Al\u00e9m disso, o <strong>M17 5G<\/strong> \u00e9 basicamente uma vers\u00e3o renomeada e com outro design do <strong><a class=\"tg-link-manual\" href=\"https:\/\/www.oficinadanet.com.br\/smartphones\/samsung-galaxy-a16-5g\" rel=\"nofollow noopener\" target=\"_blank\">Galaxy A16 5G<\/a><\/strong>, trazendo pequenas melhorias, como c\u00e2mera com OIS e recursos de <a class=\"lib tg-lib\" href=\"https:\/\/www.oficinadanet.com.br\/inteligencia-artificial\" rel=\"nofollow noopener\" target=\"_blank\">intelig\u00eancia artificial<\/a>. Portanto, as chances s\u00e3o baixas da <strong>Samsung <\/strong>comercializ\u00e1-lo por aqui.<\/p>\n<p><a href=\"https:\/\/www.fonearena.com\/blog\/466070\/samsung-galaxy-m17-5g-india-launch-date.html\" class=\"tg-link-manual\" rel=\"nofollow  noopener\" target=\"_blank\">Via<\/a><\/p>\n","protected":false},"excerpt":{"rendered":"A Samsung est\u00e1 se preparando para lan\u00e7ar um novo smartphone de entrada: o Galaxy M17 5G. Esse modelo,&hellip;\n","protected":false},"author":2,"featured_media":100751,"comment_status":"","ping_status":"","sticky":false,"template":"","format":"standard","meta":{"footnotes":""},"categories":[84],"tags":[109,107,108,24576,13,32,33,952,105,103,104,954,106,110],"class_list":{"0":"post-100750","1":"post","2":"type-post","3":"status-publish","4":"format-standard","5":"has-post-thumbnail","7":"category-ciencia-e-tecnologia","8":"tag-ciencia","9":"tag-ciencia-e-tecnologia","10":"tag-cienciaetecnologia","11":"tag-galaxy-m17-5g","12":"tag-noticias","13":"tag-portugal","14":"tag-pt","15":"tag-samsung","16":"tag-science","17":"tag-science-and-technology","18":"tag-scienceandtechnology","19":"tag-smartphones","20":"tag-technology","21":"tag-tecnologia"},"share_on_mastodon":{"url":"","error":""},"_links":{"self":[{"href":"https:\/\/www.europesays.com\/pt\/wp-json\/wp\/v2\/posts\/100750","targetHints":{"allow":["GET"]}}],"collection":[{"href":"https:\/\/www.europesays.com\/pt\/wp-json\/wp\/v2\/posts"}],"about":[{"href":"https:\/\/www.europesays.com\/pt\/wp-json\/wp\/v2\/types\/post"}],"author":[{"embeddable":true,"href":"https:\/\/www.europesays.com\/pt\/wp-json\/wp\/v2\/users\/2"}],"replies":[{"embeddable":true,"href":"https:\/\/www.europesays.com\/pt\/wp-json\/wp\/v2\/comments?post=100750"}],"version-history":[{"count":0,"href":"https:\/\/www.europesays.com\/pt\/wp-json\/wp\/v2\/posts\/100750\/revisions"}],"wp:featuredmedia":[{"embeddable":true,"href":"https:\/\/www.europesays.com\/pt\/wp-json\/wp\/v2\/media\/100751"}],"wp:attachment":[{"href":"https:\/\/www.europesays.com\/pt\/wp-json\/wp\/v2\/media?parent=100750"}],"wp:term":[{"taxonomy":"category","embeddable":true,"href":"https:\/\/www.europesays.com\/pt\/wp-json\/wp\/v2\/categories?post=100750"},{"taxonomy":"post_tag","embeddable":true,"href":"https:\/\/www.europesays.com\/pt\/wp-json\/wp\/v2\/tags?post=100750"}],"curies":[{"name":"wp","href":"https:\/\/api.w.org\/{rel}","templated":true}]}}