{"id":100793,"date":"2025-10-07T13:06:11","date_gmt":"2025-10-07T13:06:11","guid":{"rendered":"https:\/\/www.europesays.com\/pt\/100793\/"},"modified":"2025-10-07T13:06:11","modified_gmt":"2025-10-07T13:06:11","slug":"complemento-solidario-para-idosos-vai-subir-40-euros-no-proximo-ano-jornal-de-noticias","status":"publish","type":"post","link":"https:\/\/www.europesays.com\/pt\/100793\/","title":{"rendered":"Complemento Solid\u00e1rio para Idosos vai subir 40 euros no pr\u00f3ximo ano &#8211; Jornal de Not\u00edcias"},"content":{"rendered":"<ol>\n<li><a href=\"https:\/\/news.google.com\/rss\/articles\/CBMirwFBVV95cUxQNFBQYzZZam9ZNFh0WllodW5jeWtFTkhDR1BxOVRDd1V3NC0xQ19tVTZTUFZpaTB1T1pGVTB3b2ZBakNzcEpCSXlJRHNueVMzNml6VGl2aF9mRnRMMWljMlNhM185OFpFUW9tMHdTMk1Gc0Vucm5ZdzM5VW9nTGNXeUdoWktjNUtxQjV3cFVTVXcza1JzV2Fxbnd5QzlNUzZSYkdPdHRsTDBfVHV4YXA4?oc=5\" target=\"_blank\" rel=\"nofollow noopener\">Complemento Solid\u00e1rio para Idosos vai subir 40 euros no pr\u00f3ximo ano<\/a>&nbsp;&nbsp;Jornal de Not\u00edcias<\/li>\n<li><a href=\"https:\/\/news.google.com\/rss\/articles\/CBMixwFBVV95cUxQdTRDV2hONkFISE1QTGdvd1ZFTExjdGkwQk5JXzNfcHpGWUhJSWZpSFhWaWEzbmw3THdTU0JScFpJMnpMMFRFSkY1clRoVHdncmlPWmY0TG1BMnA1X2NpOGYzczNMcWZnSW5pX1RaSTRBQU1SUVFib041TGxDdEQxY0pIWEhOUm0tZnRXdUNNTUZzVUtPbWYxSWl4dkpFaGV5ZEVnZUV5WGVWV2FDYUxrMWVSNWZFOHFXRzdtQ3JOa3RnRGE4OGJN?oc=5\" target=\"_blank\" rel=\"nofollow noopener\">OE2026. Montenegro anuncia que Complemento Solid\u00e1rio para Idosos vai subir 40 euros<\/a>&nbsp;&nbsp;RTP<\/li>\n<li><a href=\"https:\/\/news.google.com\/rss\/articles\/CBMikgFBVV95cUxQMWJmVlNTQ2oxeTlwXzRWU0VIN2pWN0VFa3RMZEdRMkpsNVZxaC1wc0tndEM3SEtSTFI5cmtEam9yR0JDYWJtMzhoR0tZYTJRcWxmR0l5M2R0TllHMGluUWdFVmlmaFBIZVZwTlV5eUZSdzJUV1RhWVM0ZGlFNlM4UWZlSjBOT3VMY1VvSExBRXNfdw?oc=5\" target=\"_blank\" rel=\"nofollow noopener\">Hoje nas not\u00edcias: CSI, benefici\u00e1rio efetivo e aut\u00e1rquicas<\/a>&nbsp;&nbsp;ECO<\/li>\n<li><a href=\"https:\/\/news.google.com\/rss\/articles\/CBMisAFBVV95cUxQQ0g4WGlOSEkzcE0wNFdFN1l6RFRJV3BuaUprVjYwejhYRHg3MTRscWtINDJlWjUwcFltN1NoSTU1c0Q1NFRGUXVhc2V6RFl3ckM0OUxDSHJXYXJrWUFORkpmYzdRRFdkX2hBbjZJVzg3ZDhCLWpfaUxwLWlqYWliUDE2dEFTa0NOXy1ybkFIcWg0N1NINXR2ZUVpMmpvNk8yQW4wVGMycjJVbm50Q3QxSg?oc=5\" target=\"_blank\" rel=\"nofollow noopener\">Ventura prefere aumento permanente de pens\u00f5es. &#8220;Populismo&#8221;, acusa<\/a>&nbsp;&nbsp;Not\u00edcias ao Minuto<\/li>\n<li><a href=\"https:\/\/news.google.com\/rss\/articles\/CBMi0wFBVV95cUxPem5zN0g5MzVqVjg3VjJkYzVaS2tYZk9fdkZGM1doQ2ZZWko2ZmlMbzM1RWxTcG4wZ2V3eTlDaERYdkRSTF9MVlhpN1dZa0tmTm5DUTdYaW1vb1poZzFLZndvTXlNMGVIU205RUlCQWJRUmRwSmM1MERiMlcyU1J4ekpycmlVQnliUzl5aWE3cGRPeHh2X19FYUg4RnpyTGY4NThuTGszdFZVVVlVeUtLYnVvY3pvVHlOMnp5enNyQm5RcFNVSDhCRGVNOHlwZUpuaHdV?oc=5\" target=\"_blank\" rel=\"nofollow noopener\">&#8220;Boa medida, mas continua a ser pouco.&#8221; Complemento Solid\u00e1rio para Idosos vai aumentar 40 euros no pr\u00f3ximo ano<\/a>&nbsp;&nbsp;TSF R\u00e1dio Not\u00edcias<\/li>\n<\/ol>\n","protected":false},"excerpt":{"rendered":"Complemento Solid\u00e1rio para Idosos vai subir 40 euros no pr\u00f3ximo ano&nbsp;&nbsp;Jornal de Not\u00edcias OE2026. Montenegro anuncia que Complemento&hellip;\n","protected":false},"author":2,"featured_media":100794,"comment_status":"","ping_status":"","sticky":false,"template":"","format":"standard","meta":{"footnotes":""},"categories":[8],"tags":[27,28,21209,476,15,16,14,25,26,21,22,12,13,19,20,8497,7707,32,23,24,33,17,18,29,30,31],"class_list":{"0":"post-100793","1":"post","2":"type-post","3":"status-publish","4":"format-standard","5":"has-post-thumbnail","7":"category-principais-noticias","8":"tag-breaking-news","9":"tag-breakingnews","10":"tag-complemento-solidario-para-idosos","11":"tag-economia","12":"tag-featured-news","13":"tag-featurednews","14":"tag-headlines","15":"tag-latest-news","16":"tag-latestnews","17":"tag-main-news","18":"tag-mainnews","19":"tag-news","20":"tag-noticias","21":"tag-noticias-principais","22":"tag-noticiasprincipais","23":"tag-orcamento-do-estado","24":"tag-pensoes","25":"tag-portugal","26":"tag-principais-noticias","27":"tag-principaisnoticias","28":"tag-pt","29":"tag-top-stories","30":"tag-topstories","31":"tag-ultimas","32":"tag-ultimas-noticias","33":"tag-ultimasnoticias"},"share_on_mastodon":{"url":"","error":""},"_links":{"self":[{"href":"https:\/\/www.europesays.com\/pt\/wp-json\/wp\/v2\/posts\/100793","targetHints":{"allow":["GET"]}}],"collection":[{"href":"https:\/\/www.europesays.com\/pt\/wp-json\/wp\/v2\/posts"}],"about":[{"href":"https:\/\/www.europesays.com\/pt\/wp-json\/wp\/v2\/types\/post"}],"author":[{"embeddable":true,"href":"https:\/\/www.europesays.com\/pt\/wp-json\/wp\/v2\/users\/2"}],"replies":[{"embeddable":true,"href":"https:\/\/www.europesays.com\/pt\/wp-json\/wp\/v2\/comments?post=100793"}],"version-history":[{"count":0,"href":"https:\/\/www.europesays.com\/pt\/wp-json\/wp\/v2\/posts\/100793\/revisions"}],"wp:featuredmedia":[{"embeddable":true,"href":"https:\/\/www.europesays.com\/pt\/wp-json\/wp\/v2\/media\/100794"}],"wp:attachment":[{"href":"https:\/\/www.europesays.com\/pt\/wp-json\/wp\/v2\/media?parent=100793"}],"wp:term":[{"taxonomy":"category","embeddable":true,"href":"https:\/\/www.europesays.com\/pt\/wp-json\/wp\/v2\/categories?post=100793"},{"taxonomy":"post_tag","embeddable":true,"href":"https:\/\/www.europesays.com\/pt\/wp-json\/wp\/v2\/tags?post=100793"}],"curies":[{"name":"wp","href":"https:\/\/api.w.org\/{rel}","templated":true}]}}