{"id":100811,"date":"2025-10-07T13:20:12","date_gmt":"2025-10-07T13:20:12","guid":{"rendered":"https:\/\/www.europesays.com\/pt\/100811\/"},"modified":"2025-10-07T13:20:12","modified_gmt":"2025-10-07T13:20:12","slug":"igas-abre-inspecao-apos-nascimento-de-bebe-na-rececao-do-hospital-de-gaia","status":"publish","type":"post","link":"https:\/\/www.europesays.com\/pt\/100811\/","title":{"rendered":"IGAS abre inspe\u00e7\u00e3o ap\u00f3s nascimento de beb\u00e9 na rece\u00e7\u00e3o do Hospital de Gaia"},"content":{"rendered":"<p>&#13;<br \/>\n<b>Um beb\u00e9 nasceu no ch\u00e3o da rece\u00e7\u00e3o das urg\u00eancias do Hospital Santos Silva, em Vila Nova de Gaia, no s\u00e1bado. Caiu de cabe\u00e7a no momento da expuls\u00e3o porque a m\u00e3e n\u00e3o estava numa maca e n\u00e3o houve qualquer assist\u00eancia m\u00e9dica.&#13;<br \/>\n<\/b>&#13;\n<\/p>\n<p>O pai apresentou queixa a v\u00e1rias entidades.<br \/>\n          <img decoding=\"async\" itemprop=\"image\" class=\"img-fluid\"   src=\"https:\/\/www.europesays.com\/pt\/wp-content\/uploads\/2025\/10\/828998f4745325b3416b0ed0b8ffaa68_N.jpg\"\/><\/p>\n<p><b>Esta ter\u00e7a-feira, a dire\u00e7\u00e3o cl\u00ednica do hospital recusou que tenha havido qualquer neglig\u00eancia e que foi seguido o protocolo para estes casos.\u00a0<\/b>A diretora cl\u00ednica da ULS de Gaia\/Espinho afirmou tamb\u00e9m que  ainda n\u00e3o recebeu nenhuma queixa formal. Para j\u00e1, todos os exames indicam que o beb\u00e9 est\u00e1 bem e dever\u00e1 ter alta na quarta-feira.&#13;<\/p>\n<p>Esta tinha sido a segunda vez que a m\u00e3e se tinha deslocado \u00e0quela unidade hospitalar.<\/p>\n<p>Segundo o pai, na segunda vez que se deslocaram \u00e0s urg\u00eancias, a mulher j\u00e1 estava em trabalho de parto. <b>Pediu uma maca, mas apenas foi disponibilizada uma cadeira de rodas. O beb\u00e9 acabou por nascer no ch\u00e3o da rece\u00e7\u00e3o, sem qualquer atendimento m\u00e9dico.<\/b><\/p>\n<p>A diretora cl\u00ednica da ULS de Gaia\/Espinho garante que foi ativada &#8220;de imediato&#8221; a equipa m\u00e9dica de emerg\u00eancia e trazida uma maca assim que confirmaram que a mulher estava em trabalho de parto. No entanto, a maca j\u00e1 n\u00e3o chegou a tempo.<\/p>\n","protected":false},"excerpt":{"rendered":"&#13; Um beb\u00e9 nasceu no ch\u00e3o da rece\u00e7\u00e3o das urg\u00eancias do Hospital Santos Silva, em Vila Nova de&hellip;\n","protected":false},"author":2,"featured_media":100812,"comment_status":"","ping_status":"","sticky":false,"template":"","format":"standard","meta":{"footnotes":""},"categories":[8],"tags":[2557,27,28,15,16,9684,14,21863,25,26,21,22,12,13,19,20,32,23,24,33,17,18,29,30,31],"class_list":{"0":"post-100811","1":"post","2":"type-post","3":"status-publish","4":"format-standard","5":"has-post-thumbnail","7":"category-principais-noticias","8":"tag-bebe","9":"tag-breaking-news","10":"tag-breakingnews","11":"tag-featured-news","12":"tag-featurednews","13":"tag-gaia","14":"tag-headlines","15":"tag-igas","16":"tag-latest-news","17":"tag-latestnews","18":"tag-main-news","19":"tag-mainnews","20":"tag-news","21":"tag-noticias","22":"tag-noticias-principais","23":"tag-noticiasprincipais","24":"tag-portugal","25":"tag-principais-noticias","26":"tag-principaisnoticias","27":"tag-pt","28":"tag-top-stories","29":"tag-topstories","30":"tag-ultimas","31":"tag-ultimas-noticias","32":"tag-ultimasnoticias"},"share_on_mastodon":{"url":"","error":""},"_links":{"self":[{"href":"https:\/\/www.europesays.com\/pt\/wp-json\/wp\/v2\/posts\/100811","targetHints":{"allow":["GET"]}}],"collection":[{"href":"https:\/\/www.europesays.com\/pt\/wp-json\/wp\/v2\/posts"}],"about":[{"href":"https:\/\/www.europesays.com\/pt\/wp-json\/wp\/v2\/types\/post"}],"author":[{"embeddable":true,"href":"https:\/\/www.europesays.com\/pt\/wp-json\/wp\/v2\/users\/2"}],"replies":[{"embeddable":true,"href":"https:\/\/www.europesays.com\/pt\/wp-json\/wp\/v2\/comments?post=100811"}],"version-history":[{"count":0,"href":"https:\/\/www.europesays.com\/pt\/wp-json\/wp\/v2\/posts\/100811\/revisions"}],"wp:featuredmedia":[{"embeddable":true,"href":"https:\/\/www.europesays.com\/pt\/wp-json\/wp\/v2\/media\/100812"}],"wp:attachment":[{"href":"https:\/\/www.europesays.com\/pt\/wp-json\/wp\/v2\/media?parent=100811"}],"wp:term":[{"taxonomy":"category","embeddable":true,"href":"https:\/\/www.europesays.com\/pt\/wp-json\/wp\/v2\/categories?post=100811"},{"taxonomy":"post_tag","embeddable":true,"href":"https:\/\/www.europesays.com\/pt\/wp-json\/wp\/v2\/tags?post=100811"}],"curies":[{"name":"wp","href":"https:\/\/api.w.org\/{rel}","templated":true}]}}