{"id":100825,"date":"2025-10-07T13:33:28","date_gmt":"2025-10-07T13:33:28","guid":{"rendered":"https:\/\/www.europesays.com\/pt\/100825\/"},"modified":"2025-10-07T13:33:28","modified_gmt":"2025-10-07T13:33:28","slug":"transito-na-ponte-25-de-abril-condicionado-a-partir-desta-quinta-feira-e-durante-quase-30-dias","status":"publish","type":"post","link":"https:\/\/www.europesays.com\/pt\/100825\/","title":{"rendered":"Tr\u00e2nsito na ponte 25 de Abril condicionado a partir desta quinta-feira (e durante quase 30 dias)"},"content":{"rendered":"<p>\t                Lusoponte aconselha uso da ponte Vasco da Gama<\/p>\n<p>O tr\u00e2nsito rodovi\u00e1rio da ponte 25 de Abril vai ficar condicionado a partir de quinta-feira e durante quase 30 dias para obras no tabuleiro, segundo a empresa concession\u00e1ria da infraestrutura que liga as margens do rio Tejo, em Lisboa.<\/p>\n<p>&#8220;No cumprimento do programa de manuten\u00e7\u00e3o de rotina, informa-se que entre os dias \u00fateis de 9 de outubro e 5 de novembro do corrente ano, a Lusoponte vai executar trabalhos de pavimenta\u00e7\u00e3o da ponte 25 de Abril&#8221;, l\u00ea-se em an\u00fancio publicado esta segunda-feira na imprensa portuguesa.<\/p>\n<p>A empresa que explora a constru\u00e7\u00e3o suspensa de cerca de dois quil\u00f3metros aconselha &#8220;a utiliza\u00e7\u00e3o alternativa da ponte Vasco da Gama&#8221; &#8211; da qual tamb\u00e9m \u00e9 concession\u00e1ria e une igualmente o sul e o norte da Grande Lisboa -, no hor\u00e1rio noturno dos dias \u00fateis, compreendido entre as 21:00 e as 06:00 do dia seguinte&#8221;.<\/p>\n","protected":false},"excerpt":{"rendered":"Lusoponte aconselha uso da ponte Vasco da Gama O tr\u00e2nsito rodovi\u00e1rio da ponte 25 de Abril vai ficar&hellip;\n","protected":false},"author":2,"featured_media":100826,"comment_status":"","ping_status":"","sticky":false,"template":"","format":"standard","meta":{"footnotes":""},"categories":[10],"tags":[609,611,27,28,607,608,604,610,539,15,16,14,603,25,26,570,21,22,606,12,13,19,20,24586,602,32,23,24,33,58,24585,605,17,18,24583,24584,24582,29,30,31],"class_list":{"0":"post-100825","1":"post","2":"type-post","3":"status-publish","4":"format-standard","5":"has-post-thumbnail","7":"category-portugal","8":"tag-alerta","9":"tag-ao-minuto","10":"tag-breaking-news","11":"tag-breakingnews","12":"tag-cnn","13":"tag-cnn-portugal","14":"tag-crime","15":"tag-direto","16":"tag-educacao","17":"tag-featured-news","18":"tag-featurednews","19":"tag-headlines","20":"tag-justica","21":"tag-latest-news","22":"tag-latestnews","23":"tag-live","24":"tag-main-news","25":"tag-mainnews","26":"tag-meteorologia","27":"tag-news","28":"tag-noticias","29":"tag-noticias-principais","30":"tag-noticiasprincipais","31":"tag-obras-ponte-25-de-abril","32":"tag-pais","33":"tag-portugal","34":"tag-principais-noticias","35":"tag-principaisnoticias","36":"tag-pt","37":"tag-sociedade","38":"tag-tabuleiro-ponte-25-de-abril","39":"tag-tempo","40":"tag-top-stories","41":"tag-topstories","42":"tag-transito-25-de-abril","43":"tag-transito-ponte","44":"tag-transito-ponte-25-de-abril","45":"tag-ultimas","46":"tag-ultimas-noticias","47":"tag-ultimasnoticias"},"share_on_mastodon":{"url":"","error":""},"_links":{"self":[{"href":"https:\/\/www.europesays.com\/pt\/wp-json\/wp\/v2\/posts\/100825","targetHints":{"allow":["GET"]}}],"collection":[{"href":"https:\/\/www.europesays.com\/pt\/wp-json\/wp\/v2\/posts"}],"about":[{"href":"https:\/\/www.europesays.com\/pt\/wp-json\/wp\/v2\/types\/post"}],"author":[{"embeddable":true,"href":"https:\/\/www.europesays.com\/pt\/wp-json\/wp\/v2\/users\/2"}],"replies":[{"embeddable":true,"href":"https:\/\/www.europesays.com\/pt\/wp-json\/wp\/v2\/comments?post=100825"}],"version-history":[{"count":0,"href":"https:\/\/www.europesays.com\/pt\/wp-json\/wp\/v2\/posts\/100825\/revisions"}],"wp:featuredmedia":[{"embeddable":true,"href":"https:\/\/www.europesays.com\/pt\/wp-json\/wp\/v2\/media\/100826"}],"wp:attachment":[{"href":"https:\/\/www.europesays.com\/pt\/wp-json\/wp\/v2\/media?parent=100825"}],"wp:term":[{"taxonomy":"category","embeddable":true,"href":"https:\/\/www.europesays.com\/pt\/wp-json\/wp\/v2\/categories?post=100825"},{"taxonomy":"post_tag","embeddable":true,"href":"https:\/\/www.europesays.com\/pt\/wp-json\/wp\/v2\/tags?post=100825"}],"curies":[{"name":"wp","href":"https:\/\/api.w.org\/{rel}","templated":true}]}}