{"id":100868,"date":"2025-10-07T14:29:09","date_gmt":"2025-10-07T14:29:09","guid":{"rendered":"https:\/\/www.europesays.com\/pt\/100868\/"},"modified":"2025-10-07T14:29:09","modified_gmt":"2025-10-07T14:29:09","slug":"chapeco-inovadora-na-saude-e-passa-a-fornecer-canetas-injetaveis-para-obesidade-grave","status":"publish","type":"post","link":"https:\/\/www.europesays.com\/pt\/100868\/","title":{"rendered":"Chapec\u00f3 Inovadora na sa\u00fade e passa a fornecer canetas injet\u00e1veis para obesidade grave"},"content":{"rendered":"<p>A Prefeitura de Chapec\u00f3, atrav\u00e9s da Secretaria de Sa\u00fade, incorpora a Liraglutida, que utiliza uma caneta injet\u00e1vel, na lista municipal de medicamentos para auxiliar no tratamento pr\u00e9-cirurgia bari\u00e1trica.<\/p>\n<p>\tDe acordo com o secret\u00e1rio de Sa\u00fade, Jo\u00e3o Lenz, a estrat\u00e9gia inovadora  publicada em portaria, segue crit\u00e9rios do protocolo municipal estabelecido pela Secretaria Municipal de Sa\u00fade.<\/p>\n<p>O medicamento est\u00e1 sendo disponibilizado a pacientes que participam do Programa Vida Plena, de Tratamento da Obesidade Grave, e que tenham apresentado falha terap\u00eautica ap\u00f3s acompanhamento cl\u00ednico multidisciplinar e apresentem indica\u00e7\u00e3o de cirurgia bari\u00e1trica.<\/p>\n<p>\t\u0093N\u00f3s criamos o programa Vida Plena e agora, com o medicamento, vamos acelerar o processo de quem est\u00e1 no tratamento pr\u00e9-cirurgia. \u00c9 mais uma a\u00e7\u00e3o de cuidado com as pessoas\u0094, disse o prefeito de Chapec\u00f3, Jo\u00e3o Rodrigues.<\/p>\n<p>\tO fornecimento da Liraglutida estar\u00e1 condicionado \u00e0 avalia\u00e7\u00e3o pelo cirurgi\u00e3o bari\u00e1trico, prescri\u00e7\u00e3o m\u00e9dica realizada pelo Setor de Alimenta\u00e7\u00e3o e Nutri\u00e7\u00e3o Municipal, acompanhamento cont\u00ednuo por equipe multiprofissional e ades\u00e3o ao plano alimentar e as atividades propostas. <\/p>\n<p>\tA obesidade \u00e9 reconhecida como uma doen\u00e7a cr\u00f4nica de origem multifatorial, associada a diversas comorbidades e redu\u00e7\u00e3o da qualidade de vida. O uso da Liraglutida pode contribuir para a perda de peso no per\u00edodo pr\u00e9-operat\u00f3rio, facilitando o alcance da meta de peso indicada pelo cirurgi\u00e3o bari\u00e1trico, bem como diminuindo  as chances de complica\u00e7\u00f5es operat\u00f3rias.<\/p>\n<p>                                                                <img decoding=\"async\" class=\"img-cover lazyload\" src=\"https:\/\/www.europesays.com\/pt\/wp-content\/uploads\/2025\/10\/22199.jpg\" alt=\"\"\/><\/p>\n","protected":false},"excerpt":{"rendered":"A Prefeitura de Chapec\u00f3, atrav\u00e9s da Secretaria de Sa\u00fade, incorpora a Liraglutida, que utiliza uma caneta injet\u00e1vel, na&hellip;\n","protected":false},"author":2,"featured_media":100869,"comment_status":"","ping_status":"","sticky":false,"template":"","format":"standard","meta":{"footnotes":""},"categories":[86],"tags":[9854,9855,116,5231,32,3046,33,117,4077],"class_list":{"0":"post-100868","1":"post","2":"type-post","3":"status-publish","4":"format-standard","5":"has-post-thumbnail","7":"category-saude","8":"tag-chapeco","9":"tag-gestao","10":"tag-health","11":"tag-municipal","12":"tag-portugal","13":"tag-prefeitura","14":"tag-pt","15":"tag-saude","16":"tag-secretarias"},"share_on_mastodon":{"url":"","error":""},"_links":{"self":[{"href":"https:\/\/www.europesays.com\/pt\/wp-json\/wp\/v2\/posts\/100868","targetHints":{"allow":["GET"]}}],"collection":[{"href":"https:\/\/www.europesays.com\/pt\/wp-json\/wp\/v2\/posts"}],"about":[{"href":"https:\/\/www.europesays.com\/pt\/wp-json\/wp\/v2\/types\/post"}],"author":[{"embeddable":true,"href":"https:\/\/www.europesays.com\/pt\/wp-json\/wp\/v2\/users\/2"}],"replies":[{"embeddable":true,"href":"https:\/\/www.europesays.com\/pt\/wp-json\/wp\/v2\/comments?post=100868"}],"version-history":[{"count":0,"href":"https:\/\/www.europesays.com\/pt\/wp-json\/wp\/v2\/posts\/100868\/revisions"}],"wp:featuredmedia":[{"embeddable":true,"href":"https:\/\/www.europesays.com\/pt\/wp-json\/wp\/v2\/media\/100869"}],"wp:attachment":[{"href":"https:\/\/www.europesays.com\/pt\/wp-json\/wp\/v2\/media?parent=100868"}],"wp:term":[{"taxonomy":"category","embeddable":true,"href":"https:\/\/www.europesays.com\/pt\/wp-json\/wp\/v2\/categories?post=100868"},{"taxonomy":"post_tag","embeddable":true,"href":"https:\/\/www.europesays.com\/pt\/wp-json\/wp\/v2\/tags?post=100868"}],"curies":[{"name":"wp","href":"https:\/\/api.w.org\/{rel}","templated":true}]}}