{"id":100872,"date":"2025-10-07T14:34:10","date_gmt":"2025-10-07T14:34:10","guid":{"rendered":"https:\/\/www.europesays.com\/pt\/100872\/"},"modified":"2025-10-07T14:34:10","modified_gmt":"2025-10-07T14:34:10","slug":"uma-fasquia-e-um-conselho-no-regresso-de-passos-a-campanha-observador","status":"publish","type":"post","link":"https:\/\/www.europesays.com\/pt\/100872\/","title":{"rendered":"Uma fasquia e um conselho no regresso de Passos \u00e0 campanha \u2013 Observador"},"content":{"rendered":"<p>Passos Coelho s\u00f3 tem ido \u00e0s aut\u00e1rquicas de forma cir\u00fargica e faz sempre quest\u00e3o de justificar o motivo. Primeiro na Amadora, onde foi candidato aut\u00e1rquico em 1997, e esta segunda-feira em Sintra, onde \u00e9 eleitor. Mas n\u00e3o se inibe de dizer o que pensa. Antes de Lu\u00eds Montenegro, foi Pedro Passos Coelho o \u00faltimo primeiro-ministro do PSD a disputar umas elei\u00e7\u00f5es aut\u00e1rquicas ao mesmo tempo que ocupava a chefia do Governo e, por isso, s\u00e3o inevit\u00e1veis compara\u00e7\u00f5es sobre as consequ\u00eancias a n\u00edvel nacional das elei\u00e7\u00f5es locais.<\/p>\n<p>Apesar de reconhecer as particularidades de umas aut\u00e1rquicas, Passos Coelho n\u00e3o nega que h\u00e1 \u201cinterfer\u00eancia\u201d e \u201cleituras\u201d nacionais, elevando a fasquia para Lu\u00eds Montenegro. \u00c9 que agora, lembra, h\u00e1 uma conjuntura mais favor\u00e1vel do que em 2013 \u2014 o \u00faltimo ano em que o PSD foi a votos nas aut\u00e1rquicas ao mesmo tempo que liderava o Governo. Nessa altura, o pa\u00eds ainda vivia sob o jugo da troika e austeridade.<\/p>\n<p>Passos tem sempre contrastado com Montenegro pela forma como normaliza conversa\u00e7\u00f5es com o Chega e, sem surpresa, manteve a mesma linha. Ao lado do candidato do PSD\/IL\/PAN, Marco Almeida, o antigo primeiro-ministro <strong>afastou a exist\u00eancia de linhas vermelhas<\/strong> na governa\u00e7\u00e3o do poder local e deixou um <strong>apoio, ainda que t\u00edmido, a Carlos Moedas. <\/strong>Isto porque, garante, n\u00e3o participar\u00e1 em mais nenhuma a\u00e7\u00e3o de campanha fora do munic\u00edpio onde vive.<\/p>\n<p>Antes de um pequeno almo\u00e7o que simbolizou um apoio ao candidato do PSD, Passos Coelho deixou alguns recados e conselhos sobre as elei\u00e7\u00f5es de 12 de outubro e a forma como o PSD deve encarar o novo mapa aut\u00e1rquico que surgir deste ato eleitoral.<\/p>\n<p>Pedro Passos Coelho foi o \u00faltimo primeiro-ministro do PSD a enfrentar umas elei\u00e7\u00f5es aut\u00e1rquicas a partir do Palacete de S\u00e3o Bento mas, aos dias de hoje, aumenta a fasquia da exig\u00eancia para Lu\u00eds Montenegro.<\/p>\n<p>\u201cNas encostas da crise, quando est\u00e1vamos a sair, o PSD perdeu c\u00e2maras que nunca tinha pensado perder e ganhou outras que nunca tinha pensado ganhar. Qualquer que seja a leitura do ambiente nacional, n\u00e3o pode ser comparado com as prova\u00e7\u00f5es que pass\u00e1mos muitos anos antes\u201d, frisou o antigo chefe do Governo, sugerindo que a conjuntura atual \u00e9 mais f\u00e1cil para Montenegro do que foi aquela que enfrentou em 2013.<\/p>\n<p>Enquanto l\u00edder do PSD, Pedro Passos Coelho atravessou duas elei\u00e7\u00f5es locais: as de 2013 ainda no Governo e as de 2017 j\u00e1 na oposi\u00e7\u00e3o. Nenhum das duas correu bem, mas o in\u00edcio da quebra foi em 2013 quando os eleitores castigaram particularmente o PSD. O partido conquistou na altura apenas 106 presid\u00eancias de c\u00e2mara contra 150 do PS.<\/p>\n<p>Apesar de reconhecer que \u201cas elei\u00e7\u00f5es aut\u00e1rquicas s\u00e3o muito espec\u00edficas\u201d, Pedro Passos Coelho tamb\u00e9m assume que \u201co ambiente nacional tem interfer\u00eancia no resultado\u201d e que \u201ch\u00e1 sempre leituras nacionais\u201d, embora acredite que \u201cas pessoas escolhem atendendo ao que est\u00e1 em jogo, que s\u00e3o as aut\u00e1rquicas\u201d.<\/p>\n<p>H\u00e1 duas semanas, na apresenta\u00e7\u00e3o de um livro sobre as parcerias publico-sociais na sa\u00fade, Pedro Passos Coelho criticou a pol\u00edtica do Governo de \u201cchuta-se a bola para a frente e depois logo se v\u00ea como \u00e9 que se faz\u201d e desta vez, sem acrescentar a essas declara\u00e7\u00f5es, lembrou apenas que a conjuntura \u00e9 <strong>mais ben\u00e9fica<\/strong> para o PSD do que a que enfrentou na lideran\u00e7a. Ali\u00e1s, j\u00e1 na oposi\u00e7\u00e3o, em 2017, foi na sequ\u00eancia de um mau resultado eleitoral nas aut\u00e1rquicas que Pedro Passos Coelho decidiu n\u00e3o se recandidatar \u00e0 lideran\u00e7a do partido.<\/p>\n","protected":false},"excerpt":{"rendered":"Passos Coelho s\u00f3 tem ido \u00e0s aut\u00e1rquicas de forma cir\u00fargica e faz sempre quest\u00e3o de justificar o motivo.&hellip;\n","protected":false},"author":2,"featured_media":100873,"comment_status":"","ping_status":"","sticky":false,"template":"","format":"standard","meta":{"footnotes":""},"categories":[10],"tags":[2163,27,28,1077,15,16,14,25,26,797,21,22,12,13,19,20,57,11284,302,32,23,24,4579,33,1913,58,17,18,29,30,31],"class_list":{"0":"post-100872","1":"post","2":"type-post","3":"status-publish","4":"format-standard","5":"has-post-thumbnail","7":"category-portugal","8":"tag-autu00e1rquicas-2025","9":"tag-breaking-news","10":"tag-breakingnews","11":"tag-eleiu00e7u00f5es","12":"tag-featured-news","13":"tag-featurednews","14":"tag-headlines","15":"tag-latest-news","16":"tag-latestnews","17":"tag-lisboa","18":"tag-main-news","19":"tag-mainnews","20":"tag-news","21":"tag-noticias","22":"tag-noticias-principais","23":"tag-noticiasprincipais","24":"tag-pau00eds","25":"tag-pedro-passos-coelho","26":"tag-polu00edtica","27":"tag-portugal","28":"tag-principais-noticias","29":"tag-principaisnoticias","30":"tag-psd","31":"tag-pt","32":"tag-sintra","33":"tag-sociedade","34":"tag-top-stories","35":"tag-topstories","36":"tag-ultimas","37":"tag-ultimas-noticias","38":"tag-ultimasnoticias"},"share_on_mastodon":{"url":"","error":""},"_links":{"self":[{"href":"https:\/\/www.europesays.com\/pt\/wp-json\/wp\/v2\/posts\/100872","targetHints":{"allow":["GET"]}}],"collection":[{"href":"https:\/\/www.europesays.com\/pt\/wp-json\/wp\/v2\/posts"}],"about":[{"href":"https:\/\/www.europesays.com\/pt\/wp-json\/wp\/v2\/types\/post"}],"author":[{"embeddable":true,"href":"https:\/\/www.europesays.com\/pt\/wp-json\/wp\/v2\/users\/2"}],"replies":[{"embeddable":true,"href":"https:\/\/www.europesays.com\/pt\/wp-json\/wp\/v2\/comments?post=100872"}],"version-history":[{"count":0,"href":"https:\/\/www.europesays.com\/pt\/wp-json\/wp\/v2\/posts\/100872\/revisions"}],"wp:featuredmedia":[{"embeddable":true,"href":"https:\/\/www.europesays.com\/pt\/wp-json\/wp\/v2\/media\/100873"}],"wp:attachment":[{"href":"https:\/\/www.europesays.com\/pt\/wp-json\/wp\/v2\/media?parent=100872"}],"wp:term":[{"taxonomy":"category","embeddable":true,"href":"https:\/\/www.europesays.com\/pt\/wp-json\/wp\/v2\/categories?post=100872"},{"taxonomy":"post_tag","embeddable":true,"href":"https:\/\/www.europesays.com\/pt\/wp-json\/wp\/v2\/tags?post=100872"}],"curies":[{"name":"wp","href":"https:\/\/api.w.org\/{rel}","templated":true}]}}