{"id":100908,"date":"2025-10-07T15:16:16","date_gmt":"2025-10-07T15:16:16","guid":{"rendered":"https:\/\/www.europesays.com\/pt\/100908\/"},"modified":"2025-10-07T15:16:16","modified_gmt":"2025-10-07T15:16:16","slug":"greta-responde-a-trump-tambem-parece-sofrer-de-problemas-de-raiva-greta-thunberg","status":"publish","type":"post","link":"https:\/\/www.europesays.com\/pt\/100908\/","title":{"rendered":"Greta responde a Trump: \u201cTamb\u00e9m parece sofrer de problemas de raiva\u201d | Greta Thunberg"},"content":{"rendered":"<p>Greta Thunberg voltou a responder a Donald Trump, depois de o Presidente americano ter dito, mais uma vez, que a activista sueca tinha \u201cproblemas de raiva\u201d.<\/p>\n<p>\u201cOuvi dizer que Donald Trump expressou novamente opini\u00f5es muito elogiosas sobre a minha personalidade e aprecio as suas preocupa\u00e7\u00f5es relativas \u00e0 minha sa\u00fade mental\u201d, come\u00e7ou a activista, numa <a href=\"https:\/\/www.instagram.com\/p\/DPf50eEDKej\/\" target=\"_blank\" rel=\"nofollow noopener\">publica\u00e7\u00e3o <\/a>no Instagram. \u201cPara o Trump: aceito qualquer recomenda\u00e7\u00e3o que tenha sobre como lidar com estes supostos \u2018problemas de raiva\u2019 uma vez que \u2013 a julgar pelo seu historial \u2013 parece sofrer deles tamb\u00e9m\u201d, continuou.<\/p>\n<p>A resposta surgiu depois de Trump ter dito que Greta \u00e9 \u201cproblem\u00e1tica\u201d: \u201cJ\u00e1 n\u00e3o quer saber do ambiente, agora \u00e9 isto. Tem problemas em controlar a raiva, acho que devia ver um m\u00e9dico. \u00c9 t\u00e3o louca\u201d, respondeu, a prop\u00f3sito da deporta\u00e7\u00e3o da activista de Israel para a Su\u00e9cia.<\/p>\n<p>Esta n\u00e3o foi a primeira vez que ambos trocaram provoca\u00e7\u00f5es. Em Setembro de 2019, depois de um discurso emocionado de Greta Thunberg na Cimeira da Ac\u00e7\u00e3o Clim\u00e1tica, onde acusou os l\u00edderes mundiais de tra\u00edrem os jovens, Donald Trump <a href=\"https:\/\/www.publico.pt\/2019\/09\/24\/p3\/noticia\/ela-parece-feliz-o-discurso-de-greta-valeu-um-tweet-sarcastico-de-trump-1887699\" rel=\"nofollow noopener\" target=\"_blank\">ironizou <\/a>no X que a activista parecia \u201cmuito feliz\u201d.<\/p>\n<p>        &#13;<\/p>\n<blockquote class=\"instagram-media\" data-instgrm-captioned=\"\" data-instgrm-permalink=\"https:\/\/www.instagram.com\/p\/DPf50eEDKej\/?utm_source=ig_embed&amp;utm_campaign=loading\" data-instgrm-version=\"14\" style=\" background:#FFF; border:0; border-radius:3px; box-shadow:0 0 1px 0 rgba(0,0,0,0.5),0 1px 10px 0 rgba(0,0,0,0.15); margin: 1px; max-width:540px; min-width:326px; padding:0; width:99.375%; width:-webkit-calc(100% - 2px); width:calc(100% - 2px);\"\/><p>&#13;<br \/>\n&#13;<\/p>\n<p>Mais tarde, em Dezembro, depois de Greta ter sido escolhida como \u201cPersonalidade do Ano\u201d pela revista Time, <a href=\"https:\/\/www.publico.pt\/2019\/12\/12\/p3\/noticia\/escolha-greta-thunberg-personalidade-ano-ridicula-trump-activista-ja-respondeu-1897101\" rel=\"nofollow noopener\" target=\"_blank\">Trump disse<\/a> considerar a escolha \u201crid\u00edcula\u201d. \u201cA Greta tem de aprender a controlar a sua raiva e ir ver um bom filme antigo com um(a) amigo(a). Relaxa, Greta, relaxa!\u201d<\/p>\n<p>Em resposta, Greta alterou a sua biografia no Twitter para: \u201cAdolescente a trabalhar no seu problema de controlo de raiva. Neste momento a relaxar e a ver um bom filme antiquado com um amigo.\u201d<\/p>\n<p>Greta Thunberg j\u00e1 foi deportada de Israel, depois de ter participado na flotilha humanit\u00e1ria que tentou quebrar o cerco imposto a Gaza. A activista sueca ter\u00e1 sido colocada numa <a href=\"http:\/\/publico.pt\/2025\/10\/04\/mundo\/noticia\/greta-thunberg-detida-israel-cela-infestada-percevejos-2149641\" rel=\"nofollow noopener\" target=\"_blank\">cela infestada de percevejos<\/a> e for\u00e7ada a beijar a bandeira israelita, segundo referiu a pr\u00f3pria e outros activistas que testemunharam.<\/p>\n<p>Esta segunda-feira, quando aterrou na Gr\u00e9cia, juntamente com mais 160 activistas, referiu \u00e0 multid\u00e3o que a recebeu: &#8220;Vou ser clara, h\u00e1 um genoc\u00eddio a acontecer. Os nossos sistemas internacionais est\u00e3o a trair os palestinianos. N\u00e3o est\u00e3o a ser capazes de impedir os piores crimes de guerra. O que tentamos fazer com a flotilha foi agir, j\u00e1 que os nossos governos est\u00e3o a falhar nas suas obriga\u00e7\u00f5es legais.&#8221;<\/p>\n<p>Os activistas detidos pelas autoridades israelitas relataram um tratamento desumano e de viola\u00e7\u00e3o dos seus direitos fundamentais na pris\u00e3o. Dizem n\u00e3o ter tido acesso a \u00e1gua, saneamento, medicamentos e acesso imediato aos seus representantes legais.<\/p>\n<p>            <script async src=\"\/\/www.instagram.com\/embed.js\"><\/script><\/p>\n","protected":false},"excerpt":{"rendered":"Greta Thunberg voltou a responder a Donald Trump, depois de o Presidente americano ter dito, mais uma vez,&hellip;\n","protected":false},"author":2,"featured_media":100909,"comment_status":"","ping_status":"","sticky":false,"template":"","format":"standard","meta":{"footnotes":""},"categories":[50],"tags":[27,28,787,15,16,532,15056,14,25,26,21,22,62,12,13,19,20,534,542,23,24,17,18,2183,29,30,31,63,64,65],"class_list":{"0":"post-100908","1":"post","2":"type-post","3":"status-publish","4":"format-standard","5":"has-post-thumbnail","7":"category-mundo","8":"tag-breaking-news","9":"tag-breakingnews","10":"tag-causas","11":"tag-featured-news","12":"tag-featurednews","13":"tag-gaza","14":"tag-greta-thunberg","15":"tag-headlines","16":"tag-latest-news","17":"tag-latestnews","18":"tag-main-news","19":"tag-mainnews","20":"tag-mundo","21":"tag-news","22":"tag-noticias","23":"tag-noticias-principais","24":"tag-noticiasprincipais","25":"tag-p3","26":"tag-para-redes","27":"tag-principais-noticias","28":"tag-principaisnoticias","29":"tag-top-stories","30":"tag-topstories","31":"tag-trump","32":"tag-ultimas","33":"tag-ultimas-noticias","34":"tag-ultimasnoticias","35":"tag-world","36":"tag-world-news","37":"tag-worldnews"},"share_on_mastodon":{"url":"","error":""},"_links":{"self":[{"href":"https:\/\/www.europesays.com\/pt\/wp-json\/wp\/v2\/posts\/100908","targetHints":{"allow":["GET"]}}],"collection":[{"href":"https:\/\/www.europesays.com\/pt\/wp-json\/wp\/v2\/posts"}],"about":[{"href":"https:\/\/www.europesays.com\/pt\/wp-json\/wp\/v2\/types\/post"}],"author":[{"embeddable":true,"href":"https:\/\/www.europesays.com\/pt\/wp-json\/wp\/v2\/users\/2"}],"replies":[{"embeddable":true,"href":"https:\/\/www.europesays.com\/pt\/wp-json\/wp\/v2\/comments?post=100908"}],"version-history":[{"count":0,"href":"https:\/\/www.europesays.com\/pt\/wp-json\/wp\/v2\/posts\/100908\/revisions"}],"wp:featuredmedia":[{"embeddable":true,"href":"https:\/\/www.europesays.com\/pt\/wp-json\/wp\/v2\/media\/100909"}],"wp:attachment":[{"href":"https:\/\/www.europesays.com\/pt\/wp-json\/wp\/v2\/media?parent=100908"}],"wp:term":[{"taxonomy":"category","embeddable":true,"href":"https:\/\/www.europesays.com\/pt\/wp-json\/wp\/v2\/categories?post=100908"},{"taxonomy":"post_tag","embeddable":true,"href":"https:\/\/www.europesays.com\/pt\/wp-json\/wp\/v2\/tags?post=100908"}],"curies":[{"name":"wp","href":"https:\/\/api.w.org\/{rel}","templated":true}]}}