{"id":100938,"date":"2025-10-07T15:47:09","date_gmt":"2025-10-07T15:47:09","guid":{"rendered":"https:\/\/www.europesays.com\/pt\/100938\/"},"modified":"2025-10-07T15:47:09","modified_gmt":"2025-10-07T15:47:09","slug":"madrid-dez-feridos-e-quatro-desaparecidos-em-colapso-de-edificio-em-obras","status":"publish","type":"post","link":"https:\/\/www.europesays.com\/pt\/100938\/","title":{"rendered":"Madrid. Dez feridos e quatro desaparecidos em colapso de edif\u00edcio em obras"},"content":{"rendered":"<p>&#13;<br \/>\n<b>&#8220;Quatro oper\u00e1rios que trabalhavam na obra (&#8230;) est\u00e3o desaparecidos&#8221;, anunciou o presidente da C\u00e2mara da regi\u00e3o de Madrid, Francisco Mart\u00edn Aguirre, durante uma declara\u00e7\u00e3o \u00e0 imprensa no local do acidente. &#8220;H\u00e1 v\u00e1rios feridos, cerca de dez, segundo as \u00faltimas informa\u00e7\u00f5es, a maioria ligeiros, mas um deles mais grave, com fraturas&#8221;, acrescentou.<\/b><br \/>&#13;\n<\/p>\n<p>&#13;<br \/>\nOs servi\u00e7os de emerg\u00eancia est\u00e3o a utilizar drones e c\u00e3es farejadores para verificar se h\u00e1 mais pessoas presas dentro do edif\u00edcio.&#13;\n<\/p>\n<p>&#13;<br \/>\nImagens de v\u00eddeo publicadas pelos servi\u00e7os de emerg\u00eancia da capital espanhola mostram v\u00e1rias ambul\u00e2ncias e cami\u00f5es de bombeiros em frente a um edif\u00edcio pr\u00f3ximo da \u00f3pera e do pal\u00e1cio real.<br \/>&#13;\n<\/p>\n<blockquote class=\"twitter-tweet\"><p>&#13;<\/p>\n<p lang=\"es\" dir=\"ltr\">&#13;<br \/>\n\tVarias dotaciones de <a href=\"https:\/\/twitter.com\/BomberosMad?ref_src=twsrc%5Etfw\" rel=\"nofollow noopener\" target=\"_blank\">@BomberosMad<\/a> trabajando en C\/Hileras tras derrumbe de varios forjados en un edificio en obras.<\/p>\n<p>Desplegado un dispositivo de <a href=\"https:\/\/twitter.com\/SAMUR_PC?ref_src=twsrc%5Etfw\" rel=\"nofollow noopener\" target=\"_blank\">@SAMUR_PC<\/a> en la zona.<a href=\"https:\/\/twitter.com\/policiademadrid?ref_src=twsrc%5Etfw\" rel=\"nofollow noopener\" target=\"_blank\">@policiademadrid<\/a> trabajan con los drones<a href=\"https:\/\/twitter.com\/policia?ref_src=twsrc%5Etfw\" rel=\"nofollow noopener\" target=\"_blank\">@policia<\/a> colaborando <a href=\"https:\/\/t.co\/slTP129zT5\" rel=\"nofollow\">pic.twitter.com\/slTP129zT5<\/a>&#13;\n\t<\/p>\n<p>&#13;<br \/>\n\t\u2014 Emergencias Madrid (@EmergenciasMad) <a href=\"https:\/\/twitter.com\/EmergenciasMad\/status\/1975527089005584735?ref_src=twsrc%5Etfw\" rel=\"nofollow noopener\" target=\"_blank\">October 7, 2025<\/a>&#13;\n<\/p><\/blockquote>\n<p><\/p>\n<p>Segundo a imprensa espanhola, o pr\u00e9dio estava a ser reabilitado para ser convertido num hotel pela construtora Rehbilita. Fontes da investiga\u00e7\u00e3o, citadas por <a href=\"https:\/\/elpais.com\/espana\/madrid\/2025-10-07\/se-derrumba-un-edificio-en-el-centro-de-madrid-al-lado-de-opera-esta-lleno-de-ambulancias-y-policias-y-no-nos-dejan-entrar.html\" target=\"_blank\" rel=\"nofollow noopener\">El Pa\u00eds<\/a>, confirmaram que &#8220;pelo menos seis andares desabaram e pode haver pelo menos uma pessoa presa, se n\u00e3o mais&#8221;.<\/p>\n<p>&#13;<br \/>\n<b>O presidente da C\u00e2mara Regional de Madrid explica que a laje do edif\u00edcio desabou, provocando o colapso de v\u00e1rios andares at\u00e9 ao subsolo. <\/b>&#8220;Consequentemente, os danos s\u00e3o muito graves, e estamos tamb\u00e9m a analisar o poss\u00edvel impacto em edif\u00edcios adjacentes&#8221;, acrescentou. Os edif\u00edcios adjacentes ao edif\u00edcio danificado est\u00e3o a ser evacuados.&#13;\n<\/p>\n<p><script async src=\"https:\/\/platform.twitter.com\/widgets.js\" charset=\"utf-8\"><\/script><\/p>\n","protected":false},"excerpt":{"rendered":"&#13; &#8220;Quatro oper\u00e1rios que trabalhavam na obra (&#8230;) est\u00e3o desaparecidos&#8221;, anunciou o presidente da C\u00e2mara da regi\u00e3o de&hellip;\n","protected":false},"author":2,"featured_media":100939,"comment_status":"","ping_status":"","sticky":false,"template":"","format":"standard","meta":{"footnotes":""},"categories":[8],"tags":[27,28,24603,18771,640,15,16,14,25,26,6312,21,22,12,13,19,20,3554,32,626,23,24,33,17,18,29,30,31],"class_list":{"0":"post-100938","1":"post","2":"type-post","3":"status-publish","4":"format-standard","5":"has-post-thumbnail","7":"category-principais-noticias","8":"tag-breaking-news","9":"tag-breakingnews","10":"tag-colapso","11":"tag-edificio","12":"tag-espanha","13":"tag-featured-news","14":"tag-featurednews","15":"tag-headlines","16":"tag-latest-news","17":"tag-latestnews","18":"tag-madrid","19":"tag-main-news","20":"tag-mainnews","21":"tag-news","22":"tag-noticias","23":"tag-noticias-principais","24":"tag-noticiasprincipais","25":"tag-obras","26":"tag-portugal","27":"tag-predio","28":"tag-principais-noticias","29":"tag-principaisnoticias","30":"tag-pt","31":"tag-top-stories","32":"tag-topstories","33":"tag-ultimas","34":"tag-ultimas-noticias","35":"tag-ultimasnoticias"},"share_on_mastodon":{"url":"","error":""},"_links":{"self":[{"href":"https:\/\/www.europesays.com\/pt\/wp-json\/wp\/v2\/posts\/100938","targetHints":{"allow":["GET"]}}],"collection":[{"href":"https:\/\/www.europesays.com\/pt\/wp-json\/wp\/v2\/posts"}],"about":[{"href":"https:\/\/www.europesays.com\/pt\/wp-json\/wp\/v2\/types\/post"}],"author":[{"embeddable":true,"href":"https:\/\/www.europesays.com\/pt\/wp-json\/wp\/v2\/users\/2"}],"replies":[{"embeddable":true,"href":"https:\/\/www.europesays.com\/pt\/wp-json\/wp\/v2\/comments?post=100938"}],"version-history":[{"count":0,"href":"https:\/\/www.europesays.com\/pt\/wp-json\/wp\/v2\/posts\/100938\/revisions"}],"wp:featuredmedia":[{"embeddable":true,"href":"https:\/\/www.europesays.com\/pt\/wp-json\/wp\/v2\/media\/100939"}],"wp:attachment":[{"href":"https:\/\/www.europesays.com\/pt\/wp-json\/wp\/v2\/media?parent=100938"}],"wp:term":[{"taxonomy":"category","embeddable":true,"href":"https:\/\/www.europesays.com\/pt\/wp-json\/wp\/v2\/categories?post=100938"},{"taxonomy":"post_tag","embeddable":true,"href":"https:\/\/www.europesays.com\/pt\/wp-json\/wp\/v2\/tags?post=100938"}],"curies":[{"name":"wp","href":"https:\/\/api.w.org\/{rel}","templated":true}]}}