{"id":100947,"date":"2025-10-07T15:59:08","date_gmt":"2025-10-07T15:59:08","guid":{"rendered":"https:\/\/www.europesays.com\/pt\/100947\/"},"modified":"2025-10-07T15:59:08","modified_gmt":"2025-10-07T15:59:08","slug":"o-fim-do-misterio-sobre-um-dos-templos-mais-famosos-do-egito","status":"publish","type":"post","link":"https:\/\/www.europesays.com\/pt\/100947\/","title":{"rendered":"O fim do mist\u00e9rio sobre um dos templos mais famosos do Egito"},"content":{"rendered":"<p>Os especialistas mapearam como a paisagem em redor mudou em Karnak ao longo da hist\u00f3ria e descobriram que, antes de 2520 AdC, quando se julgava ter sido formado o complexo, o local n\u00e3o poderia ter sido adequado para ocupa\u00e7\u00e3o permanente devido \u00e0s inunda\u00e7\u00f5es peri\u00f3dicas causadas pelas fortes correntes do rio Nilo.<\/p>\n<p data-remotead-prev-elm=\"true\" data-remotead-elm-id=\"inread\">Por conseguinte, situaram a ocupa\u00e7\u00e3o mais antiga em Karnak durante o Imp\u00e9rio Antigo (entre 2591 e 2152 AdC).<\/p>\n<p>Aquele que foi o estudo geoarqueol\u00f3gico mais abrangente do templo, situado pr\u00f3ximo de Luxor, revelou novos dados sobre a intera\u00e7\u00e3o entre a \u00e1rea envolvente e os povos que ocuparam o local durante os seus quase 3000 anos de utiliza\u00e7\u00e3o.<\/p>\n<p data-remotead-prev-elm=\"true\" data-remotead-elm-id=\"centro1\">Os resultados do trabalho realizado por elementos das universidades de Southampton (Reino Unido) e Uppsala (Su\u00e9cia) <a href=\"https:\/\/www.cambridge.org\/core\/journals\/antiquity\/article\/conceptual-origins-and-geomorphic-evolution-of-the-temple-of-amunra-at-karnak-luxor-egypt\/12B8A406D84C46F89CDDD7A3DCDF297D\" target=\"_blank\" rel=\"nofollow noopener\">foram publicados na revista Antiquity<\/a>.<\/p>\n<p>Ao todo, foram analisadas 61 amostras de sedimentos do interior e da envolvente do templo de Karnak e milhares de fragmentos de cer\u00e2mica l\u00e1 encontrados.<\/p>\n<p data-remotead-prev-elm=\"true\" data-remotead-elm-id=\"centro2\">Os dados corroboraram as conclus\u00f5es e forneceram novas evid\u00eancias sobre a verdadeira idade de Karnak, um dos temas mais discutidos nos c\u00edrculos arqueol\u00f3gicos h\u00e1 d\u00e9cadas.<\/p>\n<p>Ficou conclu\u00eddo que o solo sobre o qual o templo foi fundado formou-se quando os canais dos rios avan\u00e7aram para oeste e para leste, criando uma ilha de terreno elevado no que \u00e9 atualmente a regi\u00e3o este-sudeste do s\u00edtio.<\/p>\n<p data-remotead-prev-elm=\"true\" data-remotead-elm-id=\"centro3\">Esta ilha emergente lan\u00e7ou as bases para a ocupa\u00e7\u00e3o e a constru\u00e7\u00e3o inicial de Karnak.<\/p>\n<p>O documento confirma ainda liga\u00e7\u00f5es sugestivas com a mitologia eg\u00edpcia antiga.<\/p>\n<p data-remotead-prev-elm=\"true\" data-remotead-elm-id=\"centro4\">Textos eg\u00edpcios antigos do Imp\u00e9rio Antigo indicam que o &#8216;Deus Criador&#8217; se manifestou como um terreno elevado a emergir do lago. Ora, os investigadores verificaram que a ilha onde Karnak foi fundada \u00e9 precisamente a \u00fanica \u00e1rea conhecida de terreno elevado rodeada de \u00e1gua na regi\u00e3o.<\/p>\n","protected":false},"excerpt":{"rendered":"Os especialistas mapearam como a paisagem em redor mudou em Karnak ao longo da hist\u00f3ria e descobriram que,&hellip;\n","protected":false},"author":2,"featured_media":100948,"comment_status":"","ping_status":"","sticky":false,"template":"","format":"standard","meta":{"footnotes":""},"categories":[50],"tags":[27,28,4515,15,16,14,24605,25,26,21,22,62,12,13,19,20,23,24,24604,17,18,29,30,31,20263,63,64,65],"class_list":{"0":"post-100947","1":"post","2":"type-post","3":"status-publish","4":"format-standard","5":"has-post-thumbnail","7":"category-mundo","8":"tag-breaking-news","9":"tag-breakingnews","10":"tag-egito","11":"tag-featured-news","12":"tag-featurednews","13":"tag-headlines","14":"tag-karnak","15":"tag-latest-news","16":"tag-latestnews","17":"tag-main-news","18":"tag-mainnews","19":"tag-mundo","20":"tag-news","21":"tag-noticias","22":"tag-noticias-principais","23":"tag-noticiasprincipais","24":"tag-principais-noticias","25":"tag-principaisnoticias","26":"tag-templo","27":"tag-top-stories","28":"tag-topstories","29":"tag-ultimas","30":"tag-ultimas-noticias","31":"tag-ultimasnoticias","32":"tag-volta-ao-mundo-noticias","33":"tag-world","34":"tag-world-news","35":"tag-worldnews"},"share_on_mastodon":{"url":"","error":""},"_links":{"self":[{"href":"https:\/\/www.europesays.com\/pt\/wp-json\/wp\/v2\/posts\/100947","targetHints":{"allow":["GET"]}}],"collection":[{"href":"https:\/\/www.europesays.com\/pt\/wp-json\/wp\/v2\/posts"}],"about":[{"href":"https:\/\/www.europesays.com\/pt\/wp-json\/wp\/v2\/types\/post"}],"author":[{"embeddable":true,"href":"https:\/\/www.europesays.com\/pt\/wp-json\/wp\/v2\/users\/2"}],"replies":[{"embeddable":true,"href":"https:\/\/www.europesays.com\/pt\/wp-json\/wp\/v2\/comments?post=100947"}],"version-history":[{"count":0,"href":"https:\/\/www.europesays.com\/pt\/wp-json\/wp\/v2\/posts\/100947\/revisions"}],"wp:featuredmedia":[{"embeddable":true,"href":"https:\/\/www.europesays.com\/pt\/wp-json\/wp\/v2\/media\/100948"}],"wp:attachment":[{"href":"https:\/\/www.europesays.com\/pt\/wp-json\/wp\/v2\/media?parent=100947"}],"wp:term":[{"taxonomy":"category","embeddable":true,"href":"https:\/\/www.europesays.com\/pt\/wp-json\/wp\/v2\/categories?post=100947"},{"taxonomy":"post_tag","embeddable":true,"href":"https:\/\/www.europesays.com\/pt\/wp-json\/wp\/v2\/tags?post=100947"}],"curies":[{"name":"wp","href":"https:\/\/api.w.org\/{rel}","templated":true}]}}