{"id":100961,"date":"2025-10-07T16:13:13","date_gmt":"2025-10-07T16:13:13","guid":{"rendered":"https:\/\/www.europesays.com\/pt\/100961\/"},"modified":"2025-10-07T16:13:13","modified_gmt":"2025-10-07T16:13:13","slug":"tunelamento-quantico-nobel-da-fisica-distingue-norte-americanos-john-clarke-michel-devoret-e-john-martinis","status":"publish","type":"post","link":"https:\/\/www.europesays.com\/pt\/100961\/","title":{"rendered":"&#8220;Tunelamento qu\u00e2ntico&#8221;. Nobel da F\u00edsica distingue norte-americanos John Clarke, Michel Devoret e John Martinis"},"content":{"rendered":"<p>&#8220;Os laureados com o <a href=\"https:\/\/www.nobelprize.org\/prizes\/physics\/\" target=\"_blank\" rel=\"nofollow noopener\">Pr\u00e9mio Nobel<\/a> deste ano <b>realizaram experi\u00eancias com um circuito el\u00e9trico no qual demonstraram tanto o tunelamento qu\u00e2ntico como os n\u00edveis de energia quantizados num sistema suficientemente grande para ser segurado na m\u00e3o&#8221;<\/b>, explicou a Real Academia Sueca de Ci\u00eancias em comunicado.<\/p>\n<p>&#13;<br \/>\nSegundo o comit\u00e9 Nobel, as experi\u00eancias dos tr\u00eas cientistas &#8220;abriram caminho \u00e0 pr\u00f3xima gera\u00e7\u00e3o de tecnologia qu\u00e2ntica, incluindo computadores qu\u00e2nticos, sensores e criptografia qu\u00e2ntica&#8221;.As descobertas demonstraram que fen\u00f3menos da mec\u00e2nica qu\u00e2ntica, normalmente observados apenas a n\u00edvel at\u00f3mico, podem tamb\u00e9m ocorrer em sistemas f\u00edsicos de dimens\u00e3o macrosc\u00f3pica.<br \/>&#13;\n<\/p>\n<p>&#13;<br \/>\n&#13;<br \/>\nUm avan\u00e7o decisivo para as tecnologias qu\u00e2nticas&#13;<br \/>\n&#13;\n<\/p>\n<p>&#13;<br \/>\nA demonstra\u00e7\u00e3o deste fen\u00f3meno em sistemas macrosc\u00f3picos, vis\u00edveis e manipul\u00e1veis \u00e0 escala humana,<b> representou uma prova decisiva da validade da mec\u00e2nica qu\u00e2ntica e abriu caminho para o desenvolvimento de dispositivos qu\u00e2nticos aplicados \u00e0 computa\u00e7\u00e3o.<\/b><br \/>&#13;\n<\/p>\n<p>&#13;<br \/>\n<br \/>&#13;<br \/>\n&#8220;\u00c9 maravilhoso poder celebrar a forma como a mec\u00e2nica qu\u00e2ntica centen\u00e1ria continua a oferecer novas surpresas. \u00c9 tamb\u00e9m extremamente \u00fatil, uma vez que a mec\u00e2nica qu\u00e2ntica \u00e9 a base de toda a tecnologia digital&#8221;, sublinhou Olle Eriksson, presidente do Comit\u00e9 Nobel da F\u00edsica.&#13;\n<\/p>\n<blockquote class=\"twitter-tweet\"><p>&#13;<\/p>\n<p dir=\"ltr\" lang=\"en\">&#13;<br \/>\n\t\u201cI\u2019m completely stunned, it never occurred to me that it would be the basis of a Nobel Prize.\u201d<\/p>\n<p>New physics laureate John Clarke was completely surprised when he discovered he had been awarded this year&#8217;s Nobel Prize in Physics. <\/p>\n<p>At this morning&#8217;s press conference he reflected\u2026 <a href=\"https:\/\/t.co\/zBI1iew3Fl\" rel=\"nofollow\">pic.twitter.com\/zBI1iew3Fl<\/a>&#13;\n\t<\/p>\n<p>&#13;<br \/>\n\t\u2014 The Nobel Prize (@NobelPrize) <a href=\"https:\/\/twitter.com\/NobelPrize\/status\/1975508293737918854?ref_src=twsrc%5Etfw\" rel=\"nofollow noopener\" target=\"_blank\">October 7, 2025<\/a>&#13;\n<\/p><\/blockquote>\n<p>Uma tradi\u00e7\u00e3o com mais de um s\u00e9culo<b>Criado segundo o testamento de Alfred Nobel em 1895, a f\u00edsica foi a ci\u00eancia premiada que Nobel mencionou em primeiro lugar. <\/b>No final do s\u00e9culo XIX, muitos consideravam a f\u00edsica como a mais importante das ci\u00eancias, e talvez Nobel tamb\u00e9m a visse dessa forma j\u00e1 que a sua pr\u00f3pria investiga\u00e7\u00e3o tamb\u00e9m estava intimamente ligada a esta ci\u00eancia.<br \/>\nO Pr\u00e9mio Nobel da F\u00edsica \u00e9 atribu\u00eddo pela Academia Real Sueca de Ci\u00eancias, em Estocolmo, e tem um valor de 11 milh\u00f5es de coroas suecas (quase 1 milh\u00e3o de euros), a dividir entre os laureados.<br \/>\n<b>O galard\u00e3o j\u00e1 foi concedido 119 vezes desde 1901<\/b>, distinguindo 230 laureados.<\/p>\n<p>No ano passado, o Nobel da F\u00edsica distinguiu John J. Hopfield e Geoffrey E. Hinton pelas <b>&#8220;descobertas e inven\u00e7\u00f5es fundamentais que permitem a aprendizagem de m\u00e1quinas atrav\u00e9s de redes neurais artificiais&#8221;.<\/b><\/p>\n<p>O an\u00fancio do Nobel da F\u00edsica segue-se ao da Fisiologia ou Medicina, divulgado na segunda-feira. Nos pr\u00f3ximos dias, <b>ser\u00e3o conhecidos os vencedores das categorias de Qu\u00edmica, Literatura, Paz e Economia.<\/b><\/p>\n<p><script async src=\"https:\/\/platform.twitter.com\/widgets.js\" charset=\"utf-8\"><\/script><\/p>\n","protected":false},"excerpt":{"rendered":"&#8220;Os laureados com o Pr\u00e9mio Nobel deste ano realizaram experi\u00eancias com um circuito el\u00e9trico no qual demonstraram tanto&hellip;\n","protected":false},"author":2,"featured_media":100962,"comment_status":"","ping_status":"","sticky":false,"template":"","format":"standard","meta":{"footnotes":""},"categories":[50],"tags":[27,28,109,4769,2001,15,16,121,14,25,26,21,22,62,12,11311,13,19,20,16818,23,24,17,18,29,30,31,63,64,65],"class_list":{"0":"post-100961","1":"post","2":"type-post","3":"status-publish","4":"format-standard","5":"has-post-thumbnail","7":"category-mundo","8":"tag-breaking-news","9":"tag-breakingnews","10":"tag-ciencia","11":"tag-cientistas","12":"tag-descoberta","13":"tag-featured-news","14":"tag-featurednews","15":"tag-fisica","16":"tag-headlines","17":"tag-latest-news","18":"tag-latestnews","19":"tag-main-news","20":"tag-mainnews","21":"tag-mundo","22":"tag-news","23":"tag-nobel","24":"tag-noticias","25":"tag-noticias-principais","26":"tag-noticiasprincipais","27":"tag-premios","28":"tag-principais-noticias","29":"tag-principaisnoticias","30":"tag-top-stories","31":"tag-topstories","32":"tag-ultimas","33":"tag-ultimas-noticias","34":"tag-ultimasnoticias","35":"tag-world","36":"tag-world-news","37":"tag-worldnews"},"share_on_mastodon":{"url":"","error":""},"_links":{"self":[{"href":"https:\/\/www.europesays.com\/pt\/wp-json\/wp\/v2\/posts\/100961","targetHints":{"allow":["GET"]}}],"collection":[{"href":"https:\/\/www.europesays.com\/pt\/wp-json\/wp\/v2\/posts"}],"about":[{"href":"https:\/\/www.europesays.com\/pt\/wp-json\/wp\/v2\/types\/post"}],"author":[{"embeddable":true,"href":"https:\/\/www.europesays.com\/pt\/wp-json\/wp\/v2\/users\/2"}],"replies":[{"embeddable":true,"href":"https:\/\/www.europesays.com\/pt\/wp-json\/wp\/v2\/comments?post=100961"}],"version-history":[{"count":0,"href":"https:\/\/www.europesays.com\/pt\/wp-json\/wp\/v2\/posts\/100961\/revisions"}],"wp:featuredmedia":[{"embeddable":true,"href":"https:\/\/www.europesays.com\/pt\/wp-json\/wp\/v2\/media\/100962"}],"wp:attachment":[{"href":"https:\/\/www.europesays.com\/pt\/wp-json\/wp\/v2\/media?parent=100961"}],"wp:term":[{"taxonomy":"category","embeddable":true,"href":"https:\/\/www.europesays.com\/pt\/wp-json\/wp\/v2\/categories?post=100961"},{"taxonomy":"post_tag","embeddable":true,"href":"https:\/\/www.europesays.com\/pt\/wp-json\/wp\/v2\/tags?post=100961"}],"curies":[{"name":"wp","href":"https:\/\/api.w.org\/{rel}","templated":true}]}}