{"id":100979,"date":"2025-10-07T16:27:08","date_gmt":"2025-10-07T16:27:08","guid":{"rendered":"https:\/\/www.europesays.com\/pt\/100979\/"},"modified":"2025-10-07T16:27:08","modified_gmt":"2025-10-07T16:27:08","slug":"ataque-inedito-com-drones-relatado-numa-cidade-na-siberia","status":"publish","type":"post","link":"https:\/\/www.europesays.com\/pt\/100979\/","title":{"rendered":"Ataque in\u00e9dito com drones relatado numa cidade na Sib\u00e9ria"},"content":{"rendered":"<p>Num comunicado divulgado na rede social Telegram, o governo regional informou que tr\u00eas aparelhos a\u00e9reos n\u00e3o tripulados foram &#8220;detetados e neutralizados&#8221; nas instala\u00e7\u00f5es de uma empresa situada no bairro de Antipino, no leste da cidade.<\/p>\n<p data-remotead-prev-elm=\"true\" data-remotead-elm-id=\"inread\">As autoridades locais n\u00e3o especificaram a origem dos drones e a Ucr\u00e2nia n\u00e3o reivindicou o ataque.<\/p>\n<p>De acordo com a imprensa local, o alvo foi uma refinaria de petr\u00f3leo e uma estrutura de arrefecimento do complexo ficou danificada, segundo o portal MegaTyumen, que citou testemunhas.<\/p>\n<p data-remotead-prev-elm=\"true\" data-remotead-elm-id=\"centro1\">Os servi\u00e7os de emerg\u00eancia locais n\u00e3o reportaram v\u00edtimas.<\/p>\n<p>A regi\u00e3o de Tyumen, rica em hidrocarbonetos, est\u00e1 localizada a mais de 1800 quil\u00f3metros em linha reta da fronteira ucraniana e nunca tinha sido alvo de ataques desde o in\u00edcio da invas\u00e3o russa da Ucr\u00e2nia, em fevereiro de 2022.<\/p>\n<p data-remotead-prev-elm=\"true\" data-remotead-elm-id=\"centro2\">Nos \u00faltimos meses, a Ucr\u00e2nia tem realizado v\u00e1rios ataques com drones a refinarias e bases a\u00e9reas em territ\u00f3rio russo, em resposta aos bombardeamentos massivos de Moscovo sobre cidades ucranianas.<\/p>\n<p>Em junho, as for\u00e7as ucranianas atingiram bases a\u00e9reas na Sib\u00e9ria e no \u00c1rtico, utilizando drones introduzidos clandestinamente na R\u00fassia.<\/p>\n","protected":false},"excerpt":{"rendered":"Num comunicado divulgado na rede social Telegram, o governo regional informou que tr\u00eas aparelhos a\u00e9reos n\u00e3o tripulados foram&hellip;\n","protected":false},"author":2,"featured_media":100980,"comment_status":"","ping_status":"","sticky":false,"template":"","format":"standard","meta":{"footnotes":""},"categories":[50],"tags":[27,28,837,15,16,889,14,25,26,21,22,62,12,13,19,20,23,24,839,24607,17,18,29,30,31,63,64,65],"class_list":{"0":"post-100979","1":"post","2":"type-post","3":"status-publish","4":"format-standard","5":"has-post-thumbnail","7":"category-mundo","8":"tag-breaking-news","9":"tag-breakingnews","10":"tag-drones","11":"tag-featured-news","12":"tag-featurednews","13":"tag-guerra-na-ucrania","14":"tag-headlines","15":"tag-latest-news","16":"tag-latestnews","17":"tag-main-news","18":"tag-mainnews","19":"tag-mundo","20":"tag-news","21":"tag-noticias","22":"tag-noticias-principais","23":"tag-noticiasprincipais","24":"tag-principais-noticias","25":"tag-principaisnoticias","26":"tag-russia","27":"tag-siberia","28":"tag-top-stories","29":"tag-topstories","30":"tag-ultimas","31":"tag-ultimas-noticias","32":"tag-ultimasnoticias","33":"tag-world","34":"tag-world-news","35":"tag-worldnews"},"share_on_mastodon":{"url":"","error":""},"_links":{"self":[{"href":"https:\/\/www.europesays.com\/pt\/wp-json\/wp\/v2\/posts\/100979","targetHints":{"allow":["GET"]}}],"collection":[{"href":"https:\/\/www.europesays.com\/pt\/wp-json\/wp\/v2\/posts"}],"about":[{"href":"https:\/\/www.europesays.com\/pt\/wp-json\/wp\/v2\/types\/post"}],"author":[{"embeddable":true,"href":"https:\/\/www.europesays.com\/pt\/wp-json\/wp\/v2\/users\/2"}],"replies":[{"embeddable":true,"href":"https:\/\/www.europesays.com\/pt\/wp-json\/wp\/v2\/comments?post=100979"}],"version-history":[{"count":0,"href":"https:\/\/www.europesays.com\/pt\/wp-json\/wp\/v2\/posts\/100979\/revisions"}],"wp:featuredmedia":[{"embeddable":true,"href":"https:\/\/www.europesays.com\/pt\/wp-json\/wp\/v2\/media\/100980"}],"wp:attachment":[{"href":"https:\/\/www.europesays.com\/pt\/wp-json\/wp\/v2\/media?parent=100979"}],"wp:term":[{"taxonomy":"category","embeddable":true,"href":"https:\/\/www.europesays.com\/pt\/wp-json\/wp\/v2\/categories?post=100979"},{"taxonomy":"post_tag","embeddable":true,"href":"https:\/\/www.europesays.com\/pt\/wp-json\/wp\/v2\/tags?post=100979"}],"curies":[{"name":"wp","href":"https:\/\/api.w.org\/{rel}","templated":true}]}}