{"id":101117,"date":"2025-10-07T18:42:09","date_gmt":"2025-10-07T18:42:09","guid":{"rendered":"https:\/\/www.europesays.com\/pt\/101117\/"},"modified":"2025-10-07T18:42:09","modified_gmt":"2025-10-07T18:42:09","slug":"jeferson-andrade-recebe-convite-para-participar-da-bienal-do-livro-de-itabaiana","status":"publish","type":"post","link":"https:\/\/www.europesays.com\/pt\/101117\/","title":{"rendered":"Jeferson Andrade recebe convite para participar da Bienal do Livro de Itabaiana"},"content":{"rendered":"<p class=\"selectable-text copyable-text x15bjb6t x1n2onr6\">O presidente da Assembleia Legislativa de Sergipe (Alese), deputado Jeferson Andrade (PSD), recebeu nesta ter\u00e7a-feira (7), na sede do Poder, o secret\u00e1rio municipal de Cultura e membro da Academia Itabaianense de Letras\u00a0 Antonio Samarone, e o secret\u00e1rio de Comunica\u00e7\u00e3o Social de Itabaiana, Edilson Carvalho Silva J\u00fanior. Eles estavam acompanhados pelo deputado estadual Marcos Oliveira (PL). <\/p>\n<p class=\"selectable-text copyable-text x15bjb6t x1n2onr6\">Durante a visita, Samarone convidou o presidente da Alese a prestigiar a VII Bienal Internacional do Livro de Itabaiana, que ser\u00e1 realizada de 23 a 26 de outubro, no Shopping Peixoto, em Itabaiana. A bienal promete reunir autores, editoras e amantes da literatura em uma programa\u00e7\u00e3o cultural diversificada.<\/p>\n<p class=\"selectable-text copyable-text x15bjb6t x1n2onr6\">Neste ano em que o munic\u00edpio celebra 350 anos de funda\u00e7\u00e3o, a Bienal consolida-se como um dos principais encontros liter\u00e1rios de Sergipe, reunindo autores, leitores, educadores, institui\u00e7\u00f5es culturais, editoras e representantes de diversas \u00e1reas do conhecimento. O evento tem como prop\u00f3sito fortalecer a identidade cultural sergipana, impulsionar a economia criativa e promover o acesso ao livro, \u00e0 literatura e \u00e0 cultura.<\/p>\n<p class=\"selectable-text copyable-text x15bjb6t x1n2onr6\">O presidente Jeferson Andrade agradeceu o convite e destacou o papel da literatura na forma\u00e7\u00e3o da sociedade. \u201cA Assembleia Legislativa apoia iniciativas que promovem a educa\u00e7\u00e3o e a cultura. A Bienal de Itabaiana \u00e9 um exemplo de evento que inspira e forma novas gera\u00e7\u00f5es de leitores, contribuindo para o desenvolvimento intelectual e social dos sergipanos\u201d, ressaltou.<\/p>\n<p class=\"selectable-text copyable-text x15bjb6t x1n2onr6\">A VII Bienal Internacional do Livro de Itabaiana \u00e9 uma realiza\u00e7\u00e3o da Academia Itabaianense de Letras, com apoio de institui\u00e7\u00f5es p\u00fablicas e privadas, e integra o calend\u00e1rio oficial de eventos culturais de Sergipe.<\/p>\n<p><strong>Fotos: Jadilson Sim\u00f5es \/ Ag\u00eancia de Not\u00edcias Alese<\/strong><\/p>\n","protected":false},"excerpt":{"rendered":"O presidente da Assembleia Legislativa de Sergipe (Alese), deputado Jeferson Andrade (PSD), recebeu nesta ter\u00e7a-feira (7), na sede&hellip;\n","protected":false},"author":2,"featured_media":101118,"comment_status":"","ping_status":"","sticky":false,"template":"","format":"standard","meta":{"footnotes":""},"categories":[143],"tags":[169,114,115,170,32,33],"class_list":{"0":"post-101117","1":"post","2":"type-post","3":"status-publish","4":"format-standard","5":"has-post-thumbnail","7":"category-livros","8":"tag-books","9":"tag-entertainment","10":"tag-entretenimento","11":"tag-livros","12":"tag-portugal","13":"tag-pt"},"share_on_mastodon":{"url":"","error":""},"_links":{"self":[{"href":"https:\/\/www.europesays.com\/pt\/wp-json\/wp\/v2\/posts\/101117","targetHints":{"allow":["GET"]}}],"collection":[{"href":"https:\/\/www.europesays.com\/pt\/wp-json\/wp\/v2\/posts"}],"about":[{"href":"https:\/\/www.europesays.com\/pt\/wp-json\/wp\/v2\/types\/post"}],"author":[{"embeddable":true,"href":"https:\/\/www.europesays.com\/pt\/wp-json\/wp\/v2\/users\/2"}],"replies":[{"embeddable":true,"href":"https:\/\/www.europesays.com\/pt\/wp-json\/wp\/v2\/comments?post=101117"}],"version-history":[{"count":0,"href":"https:\/\/www.europesays.com\/pt\/wp-json\/wp\/v2\/posts\/101117\/revisions"}],"wp:featuredmedia":[{"embeddable":true,"href":"https:\/\/www.europesays.com\/pt\/wp-json\/wp\/v2\/media\/101118"}],"wp:attachment":[{"href":"https:\/\/www.europesays.com\/pt\/wp-json\/wp\/v2\/media?parent=101117"}],"wp:term":[{"taxonomy":"category","embeddable":true,"href":"https:\/\/www.europesays.com\/pt\/wp-json\/wp\/v2\/categories?post=101117"},{"taxonomy":"post_tag","embeddable":true,"href":"https:\/\/www.europesays.com\/pt\/wp-json\/wp\/v2\/tags?post=101117"}],"curies":[{"name":"wp","href":"https:\/\/api.w.org\/{rel}","templated":true}]}}