{"id":101132,"date":"2025-10-07T18:54:44","date_gmt":"2025-10-07T18:54:44","guid":{"rendered":"https:\/\/www.europesays.com\/pt\/101132\/"},"modified":"2025-10-07T18:54:44","modified_gmt":"2025-10-07T18:54:44","slug":"brunna-goncalves-rebate-presidente-da-beija-flor-e-diz-que-saida-foi-retaliacao-celebridades","status":"publish","type":"post","link":"https:\/\/www.europesays.com\/pt\/101132\/","title":{"rendered":"Brunna Gon\u00e7alves rebate presidente da Beija-Flor e diz que sa\u00edda foi &#8216;retalia\u00e7\u00e3o&#8217; | Celebridades"},"content":{"rendered":"<p>                                        Brunna Gon\u00e7alves rebateu fala de presidente da Beija-Flor  &#8211; Reprodu\u00e7\u00e3o\/Instagram <\/p>\n<p class=\"content-media__description\">Brunna Gon\u00e7alves rebateu fala de presidente da Beija-Flor Reprodu\u00e7\u00e3o\/Instagram <\/p>\n<p>                            Publicado 30\/09\/2025 16:22\n                    <\/p>\n<p>Rio &#8211;\u00a0Brunna Gon\u00e7alves\u00a0respondeu\u00a0as falas de Almir Reis, presidente da Beija-Flor de Nil\u00f3polis, sobre os motivos para a sa\u00edda dela da agremia\u00e7\u00e3o. Nesta ter\u00e7a-feira (30), a dan\u00e7arina publicou v\u00eddeo negando que era ausente dos eventos na quadra da escola de samba.\u00a0<\/p>\n<p>&#8220;Quando surgiu o convite para ser destaque da escola, eles me passavam um cronograma de datas importantes que eu tinha que estar. Todas essas datas que eles me passaram, eu estive l\u00e1. E se eles tivessem acordado comigo que eu deveria estar presente no dia a dia, em festa de bateria, eu com certeza, faria de tudo para estar presente nesses eventos. Porque se tem uma coisa que eu n\u00e3o sou, \u00e9 irrespons\u00e1vel&#8221;, disparou ela.\u00a0<\/p>\n<p>A mulher de Ludmilla reclamou da maneira em que o desligamento foi conduzido. &#8220;Eu queria entender por que, que quando eu liguei para ele diversas vezes para poder entender o que estava acontecendo, ele nunca teve coragem de falar isso na minha cara. Sempre ficava me cozinhando mas nunca chegou: &#8216;olha Bruna, est\u00e1 acontecendo isso, infelizmente voc\u00ea n\u00e3o vai poder desfilar mais&#8217;. Ponto! \u00c9 ter responsabilidade com outra pessoa, com o trabalho da outra pessoa&#8221;, afirmou.\u00a0<\/p>\n<p>Brunna tamb\u00e9m explicou o <a href=\"https:\/\/odia.ig.com.br\/diversao\/carnaval\/2025\/09\/7135546-apos-saida-da-beija-flor-brunna-goncalves-e-anunciada-na-grande-rio.html\" rel=\"nofollow noopener\" target=\"_blank\">an\u00fancio como musa da Grande Rio<\/a> dias ap\u00f3s revelar que deixou a escola de Nil\u00f3polis. &#8220;Ele alega aqui que a minha sa\u00edda da Beija-Flor foi como se eu tivesse terminado o relacionamento e no dia seguinte aparecesse com outra pessoa. S\u00f3 que assim, ele n\u00e3o teve um pingo de considera\u00e7\u00e3o comigo. E o que, gente, que eu ficasse em casa chorando?&#8221;, questionou a dan\u00e7arina.\u00a0<\/p>\n<p>Ela confirmou o boato de que a sa\u00edda tem liga\u00e7\u00e3o com a aus\u00eancia de Ludmilla no casamento de Giovanna Lancellotti e Gabriel David. &#8220;Desejo toda a felicidade do mundo para voc\u00eas. Um \u00f3timo Carnaval. Mas, a gente entende muito bem essa retalia\u00e7\u00e3o toda que eu estou sofrendo, o motivo real, porque a Ludmilla n\u00e3o esteve presente no casamento do ano. Eles est\u00e3o tentando abafar uma coisa que n\u00e3o tem como ser abafada, amor&#8221;.<\/p>\n<p>Por fim, a dan\u00e7arina ironizou trecho de uma entrevista em que Lancellotti contou ter ficado surpresa por ela ter deixado a Beija-Flor.\u00a0&#8220;Isso aqui, amor, eu vou deixar baixo. Porque se eu passar daqui, vai ser carne&#8221;, disse Brunna.\u00a0<\/p>\n<p>Ao programa &#8220;TV Fama&#8221;, Almir Reis falou sobre o desligamento de Brunna Gon\u00e7alves. &#8220;N\u00f3s achamos por bem dar valor, especificamente, ao nosso povo presente. A gente tem o maior carinho pela Brunna, acho ela uma menina maravilhosa, mas ela n\u00e3o \u00e9 presente, a grande realidade \u00e9 essa. A gente precisa de gente que esteja aqui todos os dias, em todos os eventos, n\u00e3o s\u00f3 na hora do glamour. E, infelizmente, devido agenda dela, que eu entendo, ela n\u00e3o podia&#8221;, declarou o presidente da agremia\u00e7\u00e3o.<\/p>\n","protected":false},"excerpt":{"rendered":"Brunna Gon\u00e7alves rebateu fala de presidente da Beija-Flor &#8211; Reprodu\u00e7\u00e3o\/Instagram Brunna Gon\u00e7alves rebateu fala de presidente da Beija-Flor&hellip;\n","protected":false},"author":2,"featured_media":101133,"comment_status":"","ping_status":"","sticky":false,"template":"","format":"standard","meta":{"footnotes":""},"categories":[145],"tags":[24626,24625,10022,211,210,114,115,32,3281,33,5443],"class_list":{"0":"post-101132","1":"post","2":"type-post","3":"status-publish","4":"format-standard","5":"has-post-thumbnail","7":"category-celebridades","8":"tag-almir-reis","9":"tag-beija-flor-de-nilopolis","10":"tag-brunna-goncalves","11":"tag-celebridades","12":"tag-celebrities","13":"tag-entertainment","14":"tag-entretenimento","15":"tag-portugal","16":"tag-presidente","17":"tag-pt","18":"tag-saida"},"share_on_mastodon":{"url":"","error":""},"_links":{"self":[{"href":"https:\/\/www.europesays.com\/pt\/wp-json\/wp\/v2\/posts\/101132","targetHints":{"allow":["GET"]}}],"collection":[{"href":"https:\/\/www.europesays.com\/pt\/wp-json\/wp\/v2\/posts"}],"about":[{"href":"https:\/\/www.europesays.com\/pt\/wp-json\/wp\/v2\/types\/post"}],"author":[{"embeddable":true,"href":"https:\/\/www.europesays.com\/pt\/wp-json\/wp\/v2\/users\/2"}],"replies":[{"embeddable":true,"href":"https:\/\/www.europesays.com\/pt\/wp-json\/wp\/v2\/comments?post=101132"}],"version-history":[{"count":0,"href":"https:\/\/www.europesays.com\/pt\/wp-json\/wp\/v2\/posts\/101132\/revisions"}],"wp:featuredmedia":[{"embeddable":true,"href":"https:\/\/www.europesays.com\/pt\/wp-json\/wp\/v2\/media\/101133"}],"wp:attachment":[{"href":"https:\/\/www.europesays.com\/pt\/wp-json\/wp\/v2\/media?parent=101132"}],"wp:term":[{"taxonomy":"category","embeddable":true,"href":"https:\/\/www.europesays.com\/pt\/wp-json\/wp\/v2\/categories?post=101132"},{"taxonomy":"post_tag","embeddable":true,"href":"https:\/\/www.europesays.com\/pt\/wp-json\/wp\/v2\/tags?post=101132"}],"curies":[{"name":"wp","href":"https:\/\/api.w.org\/{rel}","templated":true}]}}