{"id":101197,"date":"2025-10-07T20:11:08","date_gmt":"2025-10-07T20:11:08","guid":{"rendered":"https:\/\/www.europesays.com\/pt\/101197\/"},"modified":"2025-10-07T20:11:08","modified_gmt":"2025-10-07T20:11:08","slug":"obesidade-e-doenca-saiba-por-que-reconhecer-isso-ajuda-na-busca-por-tratamento","status":"publish","type":"post","link":"https:\/\/www.europesays.com\/pt\/101197\/","title":{"rendered":"Obesidade \u00e9 doen\u00e7a: saiba por que reconhecer isso ajuda na busca por tratamento"},"content":{"rendered":"<p><img fetchpriority=\"high\" decoding=\"async\" class=\"w-fit lg:w-full\" loading=\"eager\" src=\"https:\/\/www.europesays.com\/pt\/wp-content\/uploads\/2025\/10\/5441019_6028efd455b4429.jpg\" title=\"Dmytro Zinkevych \/ Shutterstock | Portal EdiCase\" alt=\"Dmytro Zinkevych \/ Shutterstock | Portal EdiCase\" width=\"700\" height=\"477\"\/>A obesidade \u00e9 uma doen\u00e7a cr\u00f4nica que precisa de tratamento Dmytro Zinkevych \/ Shutterstock | Portal EdiCase<\/p>\n<p>Por muito tempo, a obesidade foi estigmatizada e reduzida a uma quest\u00e3o de falta de for\u00e7a de vontade, disciplina ou at\u00e9 mesmo de pregui\u00e7a. No entanto, a ci\u00eancia j\u00e1 a reconhece como uma doen\u00e7a cr\u00f4nica, complexa e multifatorial, que vai muito al\u00e9m da simples rela\u00e7\u00e3o entre calorias ingeridas e gastas.<\/p>\n<p>Segundo a Organiza\u00e7\u00e3o Mundial da Sa\u00fade (OMS), mais de 1 bilh\u00e3o de pessoas no mundo vivem com obesidade, sendo 650 milh\u00f5es adultos, 340 milh\u00f5es adolescentes e 39 milh\u00f5es de crian\u00e7as. No Brasil, de acordo com o \u00faltimo levantamento do Minist\u00e9rio da Sa\u00fade, cerca de 1 em cada 4 brasileiros est\u00e1 obeso \u2014 e a preval\u00eancia da doen\u00e7a quase dobrou nos \u00faltimos 20 anos.<\/p>\n<p><strong>Obesidade \u00e9 uma doen\u00e7a cr\u00f4nica<\/strong><\/p>\n<p>A Dra. Gisele Carvalho, m\u00e9dica intensivista especialista em emagrecimento, explica que <strong>a obesidade<\/strong> n\u00e3o deve ser encarada apenas como uma quest\u00e3o est\u00e9tica, mas como uma condi\u00e7\u00e3o m\u00e9dica que exige acompanhamento e tratamento adequados.<\/p>\n<p>\u201cA obesidade \u00e9 uma doen\u00e7a cr\u00f4nica, caracterizada pelo excesso de gordura corporal que traz riscos \u00e0 sa\u00fade. Ela est\u00e1 associada a complica\u00e7\u00f5es s\u00e9rias, como diabetes tipo 2, hipertens\u00e3o, doen\u00e7as cardiovasculares e at\u00e9 alguns tipos de c\u00e2ncer. Reduzir a obesidade \u00e0 pregui\u00e7a ou \u00e0 gula \u00e9 um erro grave, porque invisibiliza fatores gen\u00e9ticos, hormonais, ambientais e emocionais que contribuem para seu desenvolvimento\u201d, afirma.<\/p>\n<p><strong>Preconceito prejudica o tratamento da doen\u00e7a<\/strong><\/p>\n<p>Apesar dos avan\u00e7os da medicina, <strong>pessoas com obesidade<\/strong> ainda enfrentam preconceito no dia a dia, o que pode agravar o quadro. \u201cO estigma social \u00e9 um dos grandes desafios. Muitos pacientes chegam ao consult\u00f3rio j\u00e1 frustrados, porque foram julgados por familiares, colegas de trabalho e at\u00e9 mesmo por profissionais de sa\u00fade. Esse preconceito gera impacto emocional, baixa autoestima e at\u00e9 mesmo quadros de ansiedade e depress\u00e3o, que dificultam ainda mais o processo de emagrecimento\u201d, ressalta a Dra. Gisele Carvalho.<\/p>\n<p><img decoding=\"async\" class=\"w-fit lg:w-full\" loading=\"eager\" src=\"https:\/\/www.europesays.com\/pt\/wp-content\/uploads\/2025\/10\/5441020_cf8cddfc4ddef16.jpg\" title=\"Peakstock \/ Shutterstock | Portal EdiCase\" alt=\"Peakstock \/ Shutterstock | Portal EdiCase\" width=\"700\" height=\"477\"\/>O tratamento para obesidade \u00e9 feito conforme as particularidades do paciente Peakstock \/ Shutterstock | Portal EdiCase<\/p>\n<p><strong>Tratamento para a obesidade<\/strong><\/p>\n<p>Para combater a obesidade, profissionais defendem a import\u00e2ncia de uma abordagem ampla, que n\u00e3o se limite apenas \u00e0 dieta e \u00e0 atividade f\u00edsica. \u201cO tratamento precisa ser individualizado e multidisciplinar. Envolve mudan\u00e7as de h\u00e1bitos alimentares, incentivo \u00e0 pr\u00e1tica de atividade f\u00edsica, acompanhamento psicol\u00f3gico e, em alguns casos, uso de medicamentos ou at\u00e9 cirurgia bari\u00e1trica\u201d, explica a m\u00e9dica.<\/p>\n<p>Assim, o <strong>tratamento para a obesidade<\/strong> pode variar bastante de acordo com as necessidades e condi\u00e7\u00f5es de cada paciente, levando em conta fatores como idade, hist\u00f3rico de sa\u00fade, grau de obesidade e estilo de vida. Al\u00e9m disso, \u00e9 um processo que precisa ser cont\u00ednuo, j\u00e1 que se trata de uma condi\u00e7\u00e3o cr\u00f4nica e requer cuidados constantes para garantir resultados duradouros e evitar o reganho de peso. \u201cCada paciente tem uma realidade diferente, e o acompanhamento deve ser cont\u00ednuo, porque estamos falando de uma condi\u00e7\u00e3o cr\u00f4nica\u201d, acrescenta.<\/p>\n<p><strong>Conscientiza\u00e7\u00e3o ajuda a reduzir o preconceito<\/strong><\/p>\n<p>Para a Dra. Gisele Carvalho, o primeiro passo para reduzir o <strong>impacto da obesidade<\/strong> na popula\u00e7\u00e3o \u00e9 mudar a forma como a doen\u00e7a \u00e9 vista pela sociedade. \u201c\u00c9 fundamental enxergar a obesidade como doen\u00e7a, e n\u00e3o como falha de car\u00e1ter. Essa conscientiza\u00e7\u00e3o ajuda a reduzir o preconceito e faz com que mais pessoas busquem tratamento sem medo ou vergonha. Quanto antes diagnosticada e tratada, menores s\u00e3o os riscos de complica\u00e7\u00f5es futuras\u201d, conclui.<\/p>\n","protected":false},"excerpt":{"rendered":"A obesidade \u00e9 uma doen\u00e7a cr\u00f4nica que precisa de tratamento Dmytro Zinkevych \/ Shutterstock | Portal EdiCase Por&hellip;\n","protected":false},"author":2,"featured_media":101198,"comment_status":"","ping_status":"","sticky":false,"template":"","format":"standard","meta":{"footnotes":""},"categories":[86],"tags":[4227,116,32,33,117],"class_list":{"0":"post-101197","1":"post","2":"type-post","3":"status-publish","4":"format-standard","5":"has-post-thumbnail","7":"category-saude","8":"tag-edi-case","9":"tag-health","10":"tag-portugal","11":"tag-pt","12":"tag-saude"},"share_on_mastodon":{"url":"","error":""},"_links":{"self":[{"href":"https:\/\/www.europesays.com\/pt\/wp-json\/wp\/v2\/posts\/101197","targetHints":{"allow":["GET"]}}],"collection":[{"href":"https:\/\/www.europesays.com\/pt\/wp-json\/wp\/v2\/posts"}],"about":[{"href":"https:\/\/www.europesays.com\/pt\/wp-json\/wp\/v2\/types\/post"}],"author":[{"embeddable":true,"href":"https:\/\/www.europesays.com\/pt\/wp-json\/wp\/v2\/users\/2"}],"replies":[{"embeddable":true,"href":"https:\/\/www.europesays.com\/pt\/wp-json\/wp\/v2\/comments?post=101197"}],"version-history":[{"count":0,"href":"https:\/\/www.europesays.com\/pt\/wp-json\/wp\/v2\/posts\/101197\/revisions"}],"wp:featuredmedia":[{"embeddable":true,"href":"https:\/\/www.europesays.com\/pt\/wp-json\/wp\/v2\/media\/101198"}],"wp:attachment":[{"href":"https:\/\/www.europesays.com\/pt\/wp-json\/wp\/v2\/media?parent=101197"}],"wp:term":[{"taxonomy":"category","embeddable":true,"href":"https:\/\/www.europesays.com\/pt\/wp-json\/wp\/v2\/categories?post=101197"},{"taxonomy":"post_tag","embeddable":true,"href":"https:\/\/www.europesays.com\/pt\/wp-json\/wp\/v2\/tags?post=101197"}],"curies":[{"name":"wp","href":"https:\/\/api.w.org\/{rel}","templated":true}]}}