{"id":101218,"date":"2025-10-07T20:30:08","date_gmt":"2025-10-07T20:30:08","guid":{"rendered":"https:\/\/www.europesays.com\/pt\/101218\/"},"modified":"2025-10-07T20:30:08","modified_gmt":"2025-10-07T20:30:08","slug":"cristina-ferreira-reage-e-revela-detalhe-sobre-primeiro-beijo-de-liliana-e-fabio","status":"publish","type":"post","link":"https:\/\/www.europesays.com\/pt\/101218\/","title":{"rendered":"Cristina Ferreira reage e revela detalhe sobre primeiro beijo de Liliana e F\u00e1bio"},"content":{"rendered":"<p>O primeiro beijo de Liliana e F\u00e1bio estava iminente e, por muito pouco, n\u00e3o aconteceu nos minutos finais do programa \u2018Dois \u00e0s 10\u2019, da TVI, desta ter\u00e7a-feira, 7 de outubro.<\/p>\n<p>Antes do programa terminar, <a href=\"https:\/\/www.hiper.fm\/antes-do-primeiro-beijo-cristina-ferreira-ficou-de-boca-aberta-com-liliana-e-fabio-foi-nao-foi\/\" target=\"_blank\" rel=\"noopener nofollow\">Cristina Ferreira ficou literalmente de boca aberta<\/a> com a proximidade dos dois concorrentes, que acabaram por se entregar \u00e0 paix\u00e3o pouco tempo depois.<\/p>\n<p><strong>Leia tamb\u00e9m:\u00a0<\/strong><a href=\"https:\/\/www.hiper.fm\/ai-esta-o-primeiro-beijo-liliana-e-fabio-entregam-se-a-paixao-na-casa-do-secret-story-9\/\" target=\"_blank\" rel=\"noopener nofollow\">A\u00ed est\u00e1 o primeiro beijo na boca! Liliana e F\u00e1bio entregam-se \u00e0 paix\u00e3o na casa do Secret Story 9<\/a><\/p>\n<p>Visto que os dois concorrentes j\u00e1 se beijaram pela primeira vez na casa do Secret Story 9, a apresentadora destacou o momento nas\u00a0stories\u00a0da rede social Instagram e revelou at\u00e9 um detalhe: \u201c<strong>A Liliana faz anos<\/strong>\u201c.<\/p>\n<p>Efetivamente, Liliana celebra o seu 24\u00ba anivers\u00e1rio esta ter\u00e7a-feira e a data especial foi assinalada no \u2018Extra\u2019 do\u00a0reality show, onde todos os concorrentes fizeram a festa.<\/p>\n<p>Veja em baixo:<\/p>\n<p><img loading=\"lazy\" decoding=\"async\" class=\"alignnone wp-image-641907\" src=\"https:\/\/www.europesays.com\/pt\/wp-content\/uploads\/2025\/10\/Screenshot_20251007_180451_Instagram.jpg\" alt=\"\" width=\"869\" height=\"1500\"  \/><\/p>\n","protected":false},"excerpt":{"rendered":"O primeiro beijo de Liliana e F\u00e1bio estava iminente e, por muito pouco, n\u00e3o aconteceu nos minutos finais&hellip;\n","protected":false},"author":2,"featured_media":101219,"comment_status":"","ping_status":"","sticky":false,"template":"","format":"standard","meta":{"footnotes":""},"categories":[85],"tags":[6474,166,1661,24524,114,115,24621,19016,32,24637,33,22438],"class_list":{"0":"post-101218","1":"post","2":"type-post","3":"status-publish","4":"format-standard","5":"has-post-thumbnail","7":"category-entretenimento","8":"tag-beijo","9":"tag-cristina-ferreira","10":"tag-destaque","11":"tag-detalhe","12":"tag-entertainment","13":"tag-entretenimento","14":"tag-fu00e1bio","15":"tag-liliana","16":"tag-portugal","17":"tag-primeiro-beijo","18":"tag-pt","19":"tag-reage"},"share_on_mastodon":{"url":"","error":""},"_links":{"self":[{"href":"https:\/\/www.europesays.com\/pt\/wp-json\/wp\/v2\/posts\/101218","targetHints":{"allow":["GET"]}}],"collection":[{"href":"https:\/\/www.europesays.com\/pt\/wp-json\/wp\/v2\/posts"}],"about":[{"href":"https:\/\/www.europesays.com\/pt\/wp-json\/wp\/v2\/types\/post"}],"author":[{"embeddable":true,"href":"https:\/\/www.europesays.com\/pt\/wp-json\/wp\/v2\/users\/2"}],"replies":[{"embeddable":true,"href":"https:\/\/www.europesays.com\/pt\/wp-json\/wp\/v2\/comments?post=101218"}],"version-history":[{"count":0,"href":"https:\/\/www.europesays.com\/pt\/wp-json\/wp\/v2\/posts\/101218\/revisions"}],"wp:featuredmedia":[{"embeddable":true,"href":"https:\/\/www.europesays.com\/pt\/wp-json\/wp\/v2\/media\/101219"}],"wp:attachment":[{"href":"https:\/\/www.europesays.com\/pt\/wp-json\/wp\/v2\/media?parent=101218"}],"wp:term":[{"taxonomy":"category","embeddable":true,"href":"https:\/\/www.europesays.com\/pt\/wp-json\/wp\/v2\/categories?post=101218"},{"taxonomy":"post_tag","embeddable":true,"href":"https:\/\/www.europesays.com\/pt\/wp-json\/wp\/v2\/tags?post=101218"}],"curies":[{"name":"wp","href":"https:\/\/api.w.org\/{rel}","templated":true}]}}