{"id":101325,"date":"2025-10-07T22:32:20","date_gmt":"2025-10-07T22:32:20","guid":{"rendered":"https:\/\/www.europesays.com\/pt\/101325\/"},"modified":"2025-10-07T22:32:20","modified_gmt":"2025-10-07T22:32:20","slug":"lula-da-silva-pede-a-donald-trump-que-retire-tarifas-e-sancoes-3","status":"publish","type":"post","link":"https:\/\/www.europesays.com\/pt\/101325\/","title":{"rendered":"Lula da Silva pede a Donald Trump que retire tarifas e san\u00e7\u00f5es"},"content":{"rendered":"<p>&#13;<br \/>\nMenos de duas semanas ap\u00f3s uma breve conversa entre Donald Trump e Lula da Silva por ocasi\u00e3o da Assembleia Geral das Na\u00e7\u00f5es Unidas, em Nova Iorque, os dois l\u00edderes voltaram a conversar, desta feita ao telefone.\u00a0&#13;\n<\/p>\n<p><b>&#8220;O presidente Luiz In\u00e1cio Lula da Silva recebeu na manh\u00e3 desta segunda-feira, 6 de outubro, telefonema do presidente Donald Trump, dos Estados Unidos&#8221;<\/b>, l\u00ea-se no <a href=\"https:\/\/www.gov.br\/planalto\/pt-br\/acompanhe-o-planalto\/noticias\/2025\/10\/telefonema-entre-os-presidentes-lula-e-donald-trump\" target=\"_blank\" rel=\"nofollow noopener\">comunicado<\/a> do Pal\u00e1cio do Planalto.\u00a0<\/p>\n<p>Essa conversa decorreu &#8220;em tom amistoso&#8221; durante 30 minutos e <b>os dois l\u00edderes &#8220;relembraram a boa qu\u00edmica&#8221; da troca de palavras a 23 de setembro, na sede da ONU.\u00a0<\/b><\/p>\n<p>H\u00e1 duas semanas, num <a href=\"https:\/\/www.rtp.pt\/noticias\/mundo\/lula-aponta-aos-eua-presidente-brasileiro-denuncia-na-onu-agressao-inaceitavel-contra-poder-judiciario-do-pais_n1685633\" target=\"_blank\" rel=\"nofollow noopener\">discurso<\/a><br \/>\nperante a Assembleia das Na\u00e7\u00f5es Unidas, o presidente brasileiro tinha<br \/>\ndenunciado &#8220;um ataque sem precedentes&#8221; ao poder judicial brasileiro por<br \/>\nparte da Administra\u00e7\u00e3o Trump.<\/p>\n<p>&#13;<br \/>\n&#8220;Os dois presidentes reiteraram a impress\u00e3o positiva daquele encontro&#8221;, l\u00ea-se no comunicado.\u00a0&#13;\n<\/p>\n<p>&#13;<br \/>\nLula da Silva considerou que <b>este contacto era &#8220;uma oportunidade para a restaura\u00e7\u00e3o das rela\u00e7\u00f5es amig\u00e1veis&#8221; entre &#8220;as duas maiores democracias do Ocidente&#8221;.\u00a0<\/b>&#13;\n<\/p>\n<p>&#13;<br \/>\nO presidente brasileiro que <b>o Brasil &#8220;\u00e9\u00a0um dos tr\u00eas pa\u00edses do G20 com quem os Estados Unidos mant\u00eam super\u00e1vit na balan\u00e7a de bens e servi\u00e7os&#8221; e &#8220;solicitou a retirada da sobretaxa de 40% imposta a produtos nacionais&#8221;, bem como das &#8220;medidas restritivas aplicadas contra autoridades brasileiras&#8221;.<\/b>\u00a0&#13;\n<\/p>\n<p>&#13;<br \/>\nO presidente Trump designou o secret\u00e1rio de Estado Marco Rubio para dar sequ\u00eancia \u00e0s negocia\u00e7\u00f5es com o vice-presidente brasileiro Geraldo Alckmin, o ministro dos Neg\u00f3cios Estrangeiros, Mauro Vieira e o ministro das Finan\u00e7as, Fernando Haddad.&#13;\n<\/p>\n<p>&#13;<br \/>\nEncontro pessoal &#8220;em breve&#8221;&#13;\n<\/p>\n<p>&#13;<br \/>\n<b>Nesta conversa, os dois l\u00edderes &#8220;acordaram encontrar-se pessoalmente em breve&#8221;<\/b>, tendo Lula da Silva sugerido um encontro na cimeira da ASEAN, que decorre na Mal\u00e1sia no final deste m\u00eas.\u00a0&#13;\n<\/p>\n<p>&#13;<br \/>\nMas o l\u00edder brasileiro convidou ainda o presidente norte-americano para a COP30, que se realiza em novembro em Par\u00e1, no Brasil. &#8220;E tamb\u00e9m se predisp\u00f4s a viajar para os Estados Unidos, adianta a presid\u00eancia brasileira.\u00a0&#13;\n<\/p>\n<p>&#13;<br \/>\nOs dois presidentes &#8220;trocaram telefones para estabelecer via direta de comunica\u00e7\u00e3o&#8221;, l\u00ea-se ainda o comunicado.\u00a0&#13;\n<\/p>\n<p>&#13;<br \/>\n&#8220;No Brasil ou nos Estados Unidos&#8221;&#13;\n<\/p>\n<p>&#13;<br \/>\nHoras depois do comunicado do Pal\u00e1cio do Planalto, o presidente norte-americano, Donald Trump, afirmou na rede Truth Social que teve &#8220;uma conversa telef\u00f3nica muito boa&#8221; com o presidDesde o in\u00edcio de agosto que v\u00e1rias exporta\u00e7\u00f5es brasileiras&#13;<br \/>\npara os EUA est\u00e3o sujeita a uma taxa 50%, em retalia\u00e7\u00e3o pela&#13;<br \/>\nalegada &#8220;ca\u00e7a \u00e0s bruxas&#8221; contra o ex-presidente brasileiro Jair &#13;<br \/>\nBolsonaro, aliado do movimento Trump.ente Lula da Silva.\u00a0&#13;\n<\/p>\n<p>&#13;<br \/>\n<b>&#8220;Discutimos muita coisa, mas o foco foi sobretudo a Economia e o Com\u00e9rcio entre os nossos pa\u00edses&#8221;<\/b>, adiantou.&#13;\n<\/p>\n<p>&#13;<br \/>\nTrump afirmou ainda que ambos os l\u00edderes <b>v\u00e3o continuar a conversar e que se v\u00e3o reunir &#8220;num futuro n\u00e3o muito distante, tanto no Brasil como nos Estados Unidos&#8221;.\u00a0<\/b>&#13;\n<\/p>\n<p>&#13;<br \/>\n&#8220;Gostei muito da conversa &#8211; os nossos pa\u00edses v\u00e3o sair-se muito bem juntos!&#8221;, acrescentou o l\u00edder norte-americano.&#13;<\/p>\n","protected":false},"excerpt":{"rendered":"&#13; Menos de duas semanas ap\u00f3s uma breve conversa entre Donald Trump e Lula da Silva por ocasi\u00e3o&hellip;\n","protected":false},"author":2,"featured_media":101326,"comment_status":"","ping_status":"","sticky":false,"template":"","format":"standard","meta":{"footnotes":""},"categories":[50],"tags":[726,27,28,15,16,14,25,26,6662,21,22,62,12,13,19,20,23,24,717,100,17,18,29,30,31,63,64,65],"class_list":{"0":"post-101325","1":"post","2":"type-post","3":"status-publish","4":"format-standard","5":"has-post-thumbnail","7":"category-mundo","8":"tag-brasil","9":"tag-breaking-news","10":"tag-breakingnews","11":"tag-featured-news","12":"tag-featurednews","13":"tag-headlines","14":"tag-latest-news","15":"tag-latestnews","16":"tag-lula-da-silva","17":"tag-main-news","18":"tag-mainnews","19":"tag-mundo","20":"tag-news","21":"tag-noticias","22":"tag-noticias-principais","23":"tag-noticiasprincipais","24":"tag-principais-noticias","25":"tag-principaisnoticias","26":"tag-tarifas","27":"tag-taxas","28":"tag-top-stories","29":"tag-topstories","30":"tag-ultimas","31":"tag-ultimas-noticias","32":"tag-ultimasnoticias","33":"tag-world","34":"tag-world-news","35":"tag-worldnews"},"share_on_mastodon":{"url":"","error":""},"_links":{"self":[{"href":"https:\/\/www.europesays.com\/pt\/wp-json\/wp\/v2\/posts\/101325","targetHints":{"allow":["GET"]}}],"collection":[{"href":"https:\/\/www.europesays.com\/pt\/wp-json\/wp\/v2\/posts"}],"about":[{"href":"https:\/\/www.europesays.com\/pt\/wp-json\/wp\/v2\/types\/post"}],"author":[{"embeddable":true,"href":"https:\/\/www.europesays.com\/pt\/wp-json\/wp\/v2\/users\/2"}],"replies":[{"embeddable":true,"href":"https:\/\/www.europesays.com\/pt\/wp-json\/wp\/v2\/comments?post=101325"}],"version-history":[{"count":0,"href":"https:\/\/www.europesays.com\/pt\/wp-json\/wp\/v2\/posts\/101325\/revisions"}],"wp:featuredmedia":[{"embeddable":true,"href":"https:\/\/www.europesays.com\/pt\/wp-json\/wp\/v2\/media\/101326"}],"wp:attachment":[{"href":"https:\/\/www.europesays.com\/pt\/wp-json\/wp\/v2\/media?parent=101325"}],"wp:term":[{"taxonomy":"category","embeddable":true,"href":"https:\/\/www.europesays.com\/pt\/wp-json\/wp\/v2\/categories?post=101325"},{"taxonomy":"post_tag","embeddable":true,"href":"https:\/\/www.europesays.com\/pt\/wp-json\/wp\/v2\/tags?post=101325"}],"curies":[{"name":"wp","href":"https:\/\/api.w.org\/{rel}","templated":true}]}}