{"id":101357,"date":"2025-10-07T23:05:09","date_gmt":"2025-10-07T23:05:09","guid":{"rendered":"https:\/\/www.europesays.com\/pt\/101357\/"},"modified":"2025-10-07T23:05:09","modified_gmt":"2025-10-07T23:05:09","slug":"debate-aponta-necessidade-de-investimentos-em-terapias-contra-o-cancer-senado-noticias","status":"publish","type":"post","link":"https:\/\/www.europesays.com\/pt\/101357\/","title":{"rendered":"Debate aponta necessidade de investimentos em terapias contra o c\u00e2ncer \u2014 Senado Not\u00edcias"},"content":{"rendered":"<p>O financiamento da pesquisa sobre o c\u00e2ncer e o investimento no desenvolvimento de vacinas, medicamentos e terapias contra essa doen\u00e7a foram o tema da audi\u00eancia p\u00fablica que aconteceu no Senado\u00a0nesta ter\u00e7a-feira (7).<\/p>\n<p>O debate foi promovido pela\u00a0Subcomiss\u00e3o Tempor\u00e1ria de Preven\u00e7\u00e3o e Tratamento do C\u00e2ncer, que \u00e9 presidida pela senadora\u00a0Dra. Eud\u00f3cia (PL-AL). Essa subcomiss\u00e3o est\u00e1 vinculada \u00e0 Comiss\u00e3o de Assuntos Sociais do Senado &#8211; CAS. Participaram do encontro\u00a0pesquisadores e representantes do governo.<\/p>\n<p>Ap\u00f3s ressaltar que o Brasil aparece como um pa\u00eds de pouco destaque no cen\u00e1rio global de pesquisas, a senadora\u00a0anunciou uma miss\u00e3o oficial \u00e0 R\u00fassia e ao Reino Unido para acompanhar o desenvolvimento de uma vacina de RNA mensageiro contra o c\u00e2ncer. Ela disse que as pesquisas do Instituto Gamaleya, em Moscou, j\u00e1 est\u00e3o em est\u00e1gio avan\u00e7ado e apresentam resultados preliminares satisfat\u00f3rios.<\/p>\n<p>\u2014 N\u00f3s temos de nos debru\u00e7ar mais sobre a quest\u00e3o da pesquisa cl\u00ednica, que faz toda a diferen\u00e7a. (\u2026) Vamos nos unir cada vez mais para que possamos avan\u00e7ar nas pesquisas e, obviamente, chegar mais perto das vacinas e das medica\u00e7\u00f5es de ponta para terapias contra o c\u00e2ncer \u2014 declarou.<\/p>\n<p><strong>2\u00aa maior causa de mortes<\/strong><\/p>\n<p>Segundo dados do Instituto Nacional de C\u00e2ncer (Inca), o Brasil registra cerca de 720 mil novos casos de c\u00e2ncer por ano. Jo\u00e3o Paulo de Biaso Viola, diretor-geral substituto dessa entidade, destacou que o c\u00e2ncer j\u00e1 \u00e9 a segunda maior causa de morte no pa\u00eds, atr\u00e1s apenas das doen\u00e7as cardiovasculares.\u00a0<\/p>\n<p>\u2014 Com o aumento dessa incid\u00eancia e o envelhecimento da popula\u00e7\u00e3o, podemos estimar que nos pr\u00f3ximos 15 ou 20 anos o c\u00e2ncer dever\u00e1 ser a primeira\u00a0causa mortis\u00a0da popula\u00e7\u00e3o brasileira, ultrapassando as causas cardiovasculares \u2014 projetou ele.<\/p>\n<p>Viola tamb\u00e9m enfatizou a import\u00e2ncia de pol\u00edticas de preven\u00e7\u00e3o prim\u00e1ria, j\u00e1 que, segundo ele, fatores como tabagismo e m\u00e1 alimenta\u00e7\u00e3o respondem por cerca de 60% dos riscos de c\u00e2ncer.<\/p>\n<p><strong>Conhecimento aplicado<\/strong><\/p>\n<p>Representantes do governo federal apontaram as dificuldades do pa\u00eds para transformar conhecimento cient\u00edfico em produtos acess\u00edveis \u00e0 popula\u00e7\u00e3o. Thiago de Mello Moraes, do Minist\u00e9rio da Ci\u00eancia, Tecnologia e Inova\u00e7\u00e3o, afirmou que o Brasil tem uma boa taxa de publica\u00e7\u00e3o de pesquisas, mas uma baixa taxa de inova\u00e7\u00e3o.<\/p>\n<p>\u2014 Esse processo [de transforma\u00e7\u00e3o do conhecimento cient\u00edfico em vacinas, medicamentos e terapias] \u00e9 uma necessidade urgente \u2014 disse ele.<\/p>\n<p>O governo acredita que pol\u00edticas p\u00fablicas como a\u00a0Nova Ind\u00fastria Brasil\u00a0podem contribuir para superar tal desafio.\u00a0Segundo Diego Eug\u00eanio Pizetta, do Minist\u00e9rio do Desenvolvimento, Ind\u00fastria, Com\u00e9rcio e Servi\u00e7os, um dos resultados dessa pol\u00edtica industrial ser\u00e1 a amplia\u00e7\u00e3o da produ\u00e7\u00e3o nacional de insumos de sa\u00fade. Ele \u00e9 coordenador-geral das Ind\u00fastrias de Sa\u00fade nesse minist\u00e9rio.<\/p>\n<p>\u2014 N\u00e3o s\u00f3 a pandemia nos ensinou, como tamb\u00e9m o cen\u00e1rio geopol\u00edtico mostra, cada vez mais, o quanto \u00e9 necess\u00e1rio que o pa\u00eds seja cada vez menos dependente, para quest\u00f5es cr\u00edticas, de provis\u00f5es do exterior \u2014 argumentou Pizetta.<\/p>\n<p>Ele citou a rec\u00e9m-aprovada Lei do Marco da Pesquisa Cl\u00ednica (<a href=\"https:\/\/normas.leg.br\/?urn=urn:lex:br:federal:lei:2024-05-28;14874\" rel=\"noopener nofollow\" target=\"_blank\">Lei 14.874\/2024<\/a>) como uma ferramenta essencial para atrair mais estudos para o pa\u00eds e acelerar o desenvolvimento de novos tratamentos.<\/p>\n<p>Pizetta mencionou tamb\u00e9m um\u00a0projeto de lei que est\u00e1 em tramita\u00e7\u00e3o no Senado, o\u00a0<a href=\"https:\/\/www25.senado.leg.br\/web\/atividade\/materias\/-\/materia\/169609\" rel=\"noopener nofollow\" target=\"_blank\">PL 2.583\/2020<\/a>, que cria a Estrat\u00e9gia Nacional de Sa\u00fade do Complexo Econ\u00f4mico-Industrial da Sa\u00fade. Um dos objetivos dessa proposta \u00e9 a cria\u00e7\u00e3o de um polo de produ\u00e7\u00e3o nacional de medicamentos e outras tecnologias relacionadas \u00e0 sa\u00fade. Esse projeto est\u00e1 em an\u00e1lise na Comiss\u00e3o de Constitui\u00e7\u00e3o e Justi\u00e7a do Senado &#8211; CCJ, onde o senador Rog\u00e9rio Carvalho (PT-SE) \u00e9 o respons\u00e1vel pelo parecer sobre a mat\u00e9ria.<\/p>\n<p><strong>Setor privado e pesquisa<\/strong><\/p>\n<p>Diretora m\u00e9dica da Pfizer Brasil,\u00a0Adriana Polycarpo Ribeiro informou que a empresa investiu mais de R$ 74 milh\u00f5es em pesquisas cl\u00ednicas no pa\u00eds no \u00faltimo ano. Ela defendeu a aprova\u00e7\u00e3o de projetos que reduzam entraves burocr\u00e1ticos para agilizar o acesso a novas terapias, como o <a href=\"https:\/\/www25.senado.leg.br\/web\/atividade\/materias\/-\/materia\/161774\" rel=\"noopener nofollow\" target=\"_blank\">PL 6.172\/2023<\/a>, que recebeu parecer favor\u00e1vel de Dra. Eud\u00f3cia, em setembro, na Comiss\u00e3o de Assuntos Sociais do Senado. Atualmente essa mat\u00e9ria est\u00e1 em an\u00e1lise a Comiss\u00e3o de Ci\u00eancia e Tecnologia do Senado &#8211; CCT.<\/p>\n<p>\u2014 O tempo, nesse contexto, \u00e9 o nosso maior inimigo. Quando o acesso [aos medicamentos] demora, o tratamento atrasa e a vida se encurta. Cada dia conta, cada decis\u00e3o conta, cada etapa que conseguimos acelerar representa uma chance a mais de cura, de controle da doen\u00e7a e de qualidade de vida \u2014 ressaltou.<\/p>\n<p>Jos\u00e9 Humberto Fregnani, da A.C. Camargo Cancer Center, declarou que \u00e9 necess\u00e1rio investir tamb\u00e9m em pesquisas sobre a epidemiologia e a &#8220;toxicidade financeira&#8221; do c\u00e2ncer, que afeta tanto o sistema de sa\u00fade quanto os pacientes e suas fam\u00edlias.<\/p>\n<p>L\u00farya Rocha, sob supervis\u00e3o de Augusto Castro<\/p>\n<p class=\"text-muted\">Ag\u00eancia Senado (Reprodu\u00e7\u00e3o autorizada mediante cita\u00e7\u00e3o da Ag\u00eancia Senado)<\/p>\n","protected":false},"excerpt":{"rendered":"O financiamento da pesquisa sobre o c\u00e2ncer e o investimento no desenvolvimento de vacinas, medicamentos e terapias contra&hellip;\n","protected":false},"author":2,"featured_media":101358,"comment_status":"","ping_status":"","sticky":false,"template":"","format":"standard","meta":{"footnotes":""},"categories":[86],"tags":[1776,107,116,3083,32,33,117],"class_list":{"0":"post-101357","1":"post","2":"type-post","3":"status-publish","4":"format-standard","5":"has-post-thumbnail","7":"category-saude","8":"tag-cancer","9":"tag-ciencia-e-tecnologia","10":"tag-health","11":"tag-medicamentos","12":"tag-portugal","13":"tag-pt","14":"tag-saude"},"share_on_mastodon":{"url":"","error":""},"_links":{"self":[{"href":"https:\/\/www.europesays.com\/pt\/wp-json\/wp\/v2\/posts\/101357","targetHints":{"allow":["GET"]}}],"collection":[{"href":"https:\/\/www.europesays.com\/pt\/wp-json\/wp\/v2\/posts"}],"about":[{"href":"https:\/\/www.europesays.com\/pt\/wp-json\/wp\/v2\/types\/post"}],"author":[{"embeddable":true,"href":"https:\/\/www.europesays.com\/pt\/wp-json\/wp\/v2\/users\/2"}],"replies":[{"embeddable":true,"href":"https:\/\/www.europesays.com\/pt\/wp-json\/wp\/v2\/comments?post=101357"}],"version-history":[{"count":0,"href":"https:\/\/www.europesays.com\/pt\/wp-json\/wp\/v2\/posts\/101357\/revisions"}],"wp:featuredmedia":[{"embeddable":true,"href":"https:\/\/www.europesays.com\/pt\/wp-json\/wp\/v2\/media\/101358"}],"wp:attachment":[{"href":"https:\/\/www.europesays.com\/pt\/wp-json\/wp\/v2\/media?parent=101357"}],"wp:term":[{"taxonomy":"category","embeddable":true,"href":"https:\/\/www.europesays.com\/pt\/wp-json\/wp\/v2\/categories?post=101357"},{"taxonomy":"post_tag","embeddable":true,"href":"https:\/\/www.europesays.com\/pt\/wp-json\/wp\/v2\/tags?post=101357"}],"curies":[{"name":"wp","href":"https:\/\/api.w.org\/{rel}","templated":true}]}}