{"id":101365,"date":"2025-10-07T23:10:08","date_gmt":"2025-10-07T23:10:08","guid":{"rendered":"https:\/\/www.europesays.com\/pt\/101365\/"},"modified":"2025-10-07T23:10:08","modified_gmt":"2025-10-07T23:10:08","slug":"pioneira-dos-direitos-humanos-morre-aos-55","status":"publish","type":"post","link":"https:\/\/www.europesays.com\/pt\/101365\/","title":{"rendered":"Pioneira dos Direitos Humanos Morre aos 55"},"content":{"rendered":"<p>Morreu, aos 55 anos, a jurista portuguesa Catarina de Albuquerque, v\u00edtima de cancro.<\/p>\n<p>Numa nota de pesar no site da Presidente da Rep\u00fablica, Marcelo Rebelo de Sousa, diz que recebeu com &#8220;consterna\u00e7\u00e3o&#8221; a not\u00edcia da morte de &#8220;uma portuguesa com um papel muito relevante, a n\u00edvel nacional e internacional, para a promo\u00e7\u00e3o dos Direitos Humanos e do desenvolvimento sustent\u00e1vel&#8221;.<\/p>\n<p>&#8220;A sua a\u00e7\u00e3o no campo do direito \u00e0 \u00e1gua e do saneamento valeram-lhe ser a primeira Relatora Especial das Na\u00e7\u00f5es Unidas para os Direitos Humanos \u00e0 \u00c1gua e ao Saneamento [entre 2008 e 2014], tendo realizado trabalho de campo e de aconselhamento das autoridades em in\u00fameros pa\u00edses, contribuindo para melhorias tang\u00edveis nas condi\u00e7\u00f5es de vida das suas popula\u00e7\u00f5es&#8221;, recorda o chefe de Estado.<\/p>\n<p>Catarina de Albuquerque desempenhou cargos diretivos na Parceria Saneamento e \u00c1gua para Todos (Sanitation and Water for All \u2013 SWA). Antes, &#8220;tamb\u00e9m no quadro das Na\u00e7\u00f5es Unidas, desenvolvera um trabalho not\u00e1vel no campo dos Direitos Econ\u00f3micos, Sociais e Culturais&#8221;, lembra o Presidente da Rep\u00fablica.<\/p>\n<p>Nascida a 12 de maio de 1970, licenciou-se em em Direito pela Faculdade de Direito da Universidade de Lisboa, tendo posteriormente obtido um DESE (Diploma de Estudos Superiores Especializados) em Direito Internacional, pelo Institut Universitaire de Hautes Etudes Internationales, e recebido um Doutoramento Honoris Causa da Universidade da Carolina do Norte.<\/p>\n<p>Foi professora convidada das Faculdades de Direito das Universidade do Minho e de Universidade de Coimbra e era vice-presidente da Associa\u00e7\u00e3o Portuguesa de Apoio \u00e0 V\u00edtima (APAV).<\/p>\n<p>O seu trabalho no \u00e2mbito dos Direitos Humanos valeu-lhe a Medalha de Ouro dos Direitos Humanos pela Assembleia da Rep\u00fablica. Tamb\u00e9m foi agraciada pelo Presidente da Rep\u00fablica Portuguesa com a Ordem de M\u00e9rito.<\/p>\n","protected":false},"excerpt":{"rendered":"Morreu, aos 55 anos, a jurista portuguesa Catarina de Albuquerque, v\u00edtima de cancro. Numa nota de pesar no&hellip;\n","protected":false},"author":2,"featured_media":101366,"comment_status":"","ping_status":"","sticky":false,"template":"","format":"standard","meta":{"footnotes":""},"categories":[10],"tags":[27,28,24659,15,16,14,25,26,21,22,12,13,19,20,2409,32,23,24,33,17,18,29,30,31],"class_list":{"0":"post-101365","1":"post","2":"type-post","3":"status-publish","4":"format-standard","5":"has-post-thumbnail","7":"category-portugal","8":"tag-breaking-news","9":"tag-breakingnews","10":"tag-catarina-de-albuquerque","11":"tag-featured-news","12":"tag-featurednews","13":"tag-headlines","14":"tag-latest-news","15":"tag-latestnews","16":"tag-main-news","17":"tag-mainnews","18":"tag-news","19":"tag-noticias","20":"tag-noticias-principais","21":"tag-noticiasprincipais","22":"tag-obito","23":"tag-portugal","24":"tag-principais-noticias","25":"tag-principaisnoticias","26":"tag-pt","27":"tag-top-stories","28":"tag-topstories","29":"tag-ultimas","30":"tag-ultimas-noticias","31":"tag-ultimasnoticias"},"share_on_mastodon":{"url":"","error":""},"_links":{"self":[{"href":"https:\/\/www.europesays.com\/pt\/wp-json\/wp\/v2\/posts\/101365","targetHints":{"allow":["GET"]}}],"collection":[{"href":"https:\/\/www.europesays.com\/pt\/wp-json\/wp\/v2\/posts"}],"about":[{"href":"https:\/\/www.europesays.com\/pt\/wp-json\/wp\/v2\/types\/post"}],"author":[{"embeddable":true,"href":"https:\/\/www.europesays.com\/pt\/wp-json\/wp\/v2\/users\/2"}],"replies":[{"embeddable":true,"href":"https:\/\/www.europesays.com\/pt\/wp-json\/wp\/v2\/comments?post=101365"}],"version-history":[{"count":0,"href":"https:\/\/www.europesays.com\/pt\/wp-json\/wp\/v2\/posts\/101365\/revisions"}],"wp:featuredmedia":[{"embeddable":true,"href":"https:\/\/www.europesays.com\/pt\/wp-json\/wp\/v2\/media\/101366"}],"wp:attachment":[{"href":"https:\/\/www.europesays.com\/pt\/wp-json\/wp\/v2\/media?parent=101365"}],"wp:term":[{"taxonomy":"category","embeddable":true,"href":"https:\/\/www.europesays.com\/pt\/wp-json\/wp\/v2\/categories?post=101365"},{"taxonomy":"post_tag","embeddable":true,"href":"https:\/\/www.europesays.com\/pt\/wp-json\/wp\/v2\/tags?post=101365"}],"curies":[{"name":"wp","href":"https:\/\/api.w.org\/{rel}","templated":true}]}}