{"id":101406,"date":"2025-10-07T23:38:15","date_gmt":"2025-10-07T23:38:15","guid":{"rendered":"https:\/\/www.europesays.com\/pt\/101406\/"},"modified":"2025-10-07T23:38:15","modified_gmt":"2025-10-07T23:38:15","slug":"nova-funcao-do-instagram-mostra-localizacao-exata-e-pode-por-utilizadores-em-risco-saiba-como-desativar","status":"publish","type":"post","link":"https:\/\/www.europesays.com\/pt\/101406\/","title":{"rendered":"Nova fun\u00e7\u00e3o do Instagram mostra localiza\u00e7\u00e3o exata e pode p\u00f4r utilizadores em risco. Saiba como desativar"},"content":{"rendered":"<p>A Meta lan\u00e7ou recentemente uma nova funcionalidade no Instagram que permite partilhar a localiza\u00e7\u00e3o exata dos utilizadores em tempo real. O &#8220;Instagram Map&#8221; cria um mapa interativo onde \u00e9 poss\u00edvel ver a posi\u00e7\u00e3o de cada pessoa que tenha optado por ativar a fun\u00e7\u00e3o.<\/p>\n<p data-remotead-prev-elm=\"true\" data-remotead-elm-id=\"inread\">Embora a rede social apresente esta ferramenta como uma forma de descobrir conte\u00fados e neg\u00f3cios pr\u00f3ximos, a novidade levantou preocupa\u00e7\u00f5es sobre seguran\u00e7a e privacidade digital.<\/p>\n<p>Anunciado em agosto, o mapa permite escolher entre partilhar a localiza\u00e7\u00e3o com todos os seguidores, apenas com amigos chegados ou com uma lista restrita. A Meta garante que a partilha est\u00e1 desativada por predefini\u00e7\u00e3o e requer confirma\u00e7\u00e3o dupla antes de ser ativada. Ainda assim, muitos utilizadores podem n\u00e3o perceber o alcance da fun\u00e7\u00e3o, expondo inadvertidamente a sua localiza\u00e7\u00e3o a centenas ou milhares de pessoas.<\/p>\n<p data-remotead-prev-elm=\"true\" data-remotead-elm-id=\"centro1\"><img decoding=\"async\" class=\"ngx-body\" guid=\"aad42c08-1bc3-4de9-ad5a-7343c6b6f272\" src=\"https:\/\/www.europesays.com\/pt\/wp-content\/uploads\/2025\/10\/1759880295_85_image.jpg\" width=\"100%\"\/><\/p>\n<p>Riscos para privacidade e seguran\u00e7a<\/p>\n<p>O cofundador do projeto &#8220;Agarrados \u00e0 Net&#8221;, Tito de Morais, explica agora, \u00e0 Lusa, que a nova funcionalidade &#8220;traz alguns benef\u00edcios&#8221;, uma vez que &#8220;pode aumentar o engajamento com as pessoas ou ajudar a encontrar neg\u00f3cios&#8221;, tendo em conta a localiza\u00e7\u00e3o mais pr\u00f3xima.<\/p>\n<p data-remotead-prev-elm=\"true\" data-remotead-elm-id=\"centro2\">J\u00e1 a cofundadora Cristiane Miranda alerta para o perigo da partilha em tempo real. &#8220;Qualquer pessoa que est\u00e1 a partilhar a sua localiza\u00e7\u00e3o em tempo real est\u00e1 a p\u00f4r-se em risco&#8221;, afirma. A especialista lembra ainda que muitos jovens j\u00e1 partilham constantemente onde se encontram atrav\u00e9s do WhatsApp ou outras redes sociais, o que pode gerar press\u00e3o social para usar tamb\u00e9m o Instagram.<\/p>\n<p>&#8220;H\u00e1 o perigo da superexposi\u00e7\u00e3o, essa necessidade constante de mostrar o que se est\u00e1 a fazer, sem distinguir entre amigos e simples conhecidos&#8221;, acrescenta. Para Cristiane Miranda, o lan\u00e7amento desta ferramenta \u00e9 &#8220;uma excelente oportunidade para se falar com os mi\u00fados sobre privacidade e a import\u00e2ncia de terem as contas privadas&#8221;.<\/p>\n<p data-remotead-prev-elm=\"true\" data-remotead-elm-id=\"centro3\">Tito de Morais refor\u00e7a que a press\u00e3o dos pares pode transformar-se em coa\u00e7\u00e3o, especialmente entre crian\u00e7as e adolescentes. Por isso, considera essencial que pais e educadores abordem o tema abertamente, explicando os riscos e promovendo uma utiliza\u00e7\u00e3o respons\u00e1vel das redes sociais.<\/p>\n<p>Para confirmar se a partilha de localiza\u00e7\u00e3o est\u00e1 desativada, o utilizador deve aceder ao menu das mensagens privadas e tocar no \u00edcone do mapa que surge no topo. A op\u00e7\u00e3o &#8220;Quem pode ver a tua localiza\u00e7\u00e3o&#8221; permite verificar se est\u00e1 desligada ou ajustar as defini\u00e7\u00f5es.<\/p>\n<p data-remotead-prev-elm=\"true\" data-remotead-elm-id=\"centro4\"><strong>Quem quiser refor\u00e7ar a privacidade pode faz\u00ea-lo diretamente nas defini\u00e7\u00f5es do telem\u00f3vel:<\/strong><\/p>\n<ul>\n<li><strong>No iPhone<\/strong>, atrav\u00e9s de Privacidade e Seguran\u00e7a \u2192 Localiza\u00e7\u00e3o \u2192 Instagram, escolhendo &#8220;Nunca&#8221; ou &#8220;Perguntar da pr\u00f3xima vez&#8221;;<\/li>\n<li><strong>Nos dispositivos Android<\/strong>, em Defini\u00e7\u00f5es \u2192 Aplica\u00e7\u00f5es \u2192 Instagram \u2192 Permiss\u00f5es \u2192 Localiza\u00e7\u00e3o, optando por &#8220;Nunca permitir&#8221;.<\/li>\n<\/ul>\n<p>Com tr\u00eas mil milh\u00f5es de utilizadores mensais em todo o mundo, o Instagram continua a lan\u00e7ar novas formas de intera\u00e7\u00e3o. Mas o &#8220;Instagram Map&#8221; reacende um debate antigo: at\u00e9 onde vai a partilha online e quanta da nossa vida estamos realmente dispostos a mostrar em tempo real.<\/p>\n","protected":false},"excerpt":{"rendered":"A Meta lan\u00e7ou recentemente uma nova funcionalidade no Instagram que permite partilhar a localiza\u00e7\u00e3o exata dos utilizadores em&hellip;\n","protected":false},"author":2,"featured_media":101407,"comment_status":"","ping_status":"","sticky":false,"template":"","format":"standard","meta":{"footnotes":""},"categories":[10],"tags":[27,28,586,15,16,14,1015,25,26,21,22,715,12,13,19,20,32,23,24,33,548,17,18,29,30,31],"class_list":{"0":"post-101406","1":"post","2":"type-post","3":"status-publish","4":"format-standard","5":"has-post-thumbnail","7":"category-portugal","8":"tag-breaking-news","9":"tag-breakingnews","10":"tag-ciberseguranca","11":"tag-featured-news","12":"tag-featurednews","13":"tag-headlines","14":"tag-instagram","15":"tag-latest-news","16":"tag-latestnews","17":"tag-main-news","18":"tag-mainnews","19":"tag-media","20":"tag-news","21":"tag-noticias","22":"tag-noticias-principais","23":"tag-noticiasprincipais","24":"tag-portugal","25":"tag-principais-noticias","26":"tag-principaisnoticias","27":"tag-pt","28":"tag-redes-sociais","29":"tag-top-stories","30":"tag-topstories","31":"tag-ultimas","32":"tag-ultimas-noticias","33":"tag-ultimasnoticias"},"share_on_mastodon":{"url":"","error":""},"_links":{"self":[{"href":"https:\/\/www.europesays.com\/pt\/wp-json\/wp\/v2\/posts\/101406","targetHints":{"allow":["GET"]}}],"collection":[{"href":"https:\/\/www.europesays.com\/pt\/wp-json\/wp\/v2\/posts"}],"about":[{"href":"https:\/\/www.europesays.com\/pt\/wp-json\/wp\/v2\/types\/post"}],"author":[{"embeddable":true,"href":"https:\/\/www.europesays.com\/pt\/wp-json\/wp\/v2\/users\/2"}],"replies":[{"embeddable":true,"href":"https:\/\/www.europesays.com\/pt\/wp-json\/wp\/v2\/comments?post=101406"}],"version-history":[{"count":0,"href":"https:\/\/www.europesays.com\/pt\/wp-json\/wp\/v2\/posts\/101406\/revisions"}],"wp:featuredmedia":[{"embeddable":true,"href":"https:\/\/www.europesays.com\/pt\/wp-json\/wp\/v2\/media\/101407"}],"wp:attachment":[{"href":"https:\/\/www.europesays.com\/pt\/wp-json\/wp\/v2\/media?parent=101406"}],"wp:term":[{"taxonomy":"category","embeddable":true,"href":"https:\/\/www.europesays.com\/pt\/wp-json\/wp\/v2\/categories?post=101406"},{"taxonomy":"post_tag","embeddable":true,"href":"https:\/\/www.europesays.com\/pt\/wp-json\/wp\/v2\/tags?post=101406"}],"curies":[{"name":"wp","href":"https:\/\/api.w.org\/{rel}","templated":true}]}}