{"id":101496,"date":"2025-10-08T01:06:11","date_gmt":"2025-10-08T01:06:11","guid":{"rendered":"https:\/\/www.europesays.com\/pt\/101496\/"},"modified":"2025-10-08T01:06:11","modified_gmt":"2025-10-08T01:06:11","slug":"estela-reaparece-viva-no-capitulo-de-quarta-feira-8","status":"publish","type":"post","link":"https:\/\/www.europesays.com\/pt\/101496\/","title":{"rendered":"Estela reaparece viva no cap\u00edtulo de quarta-feira (8)"},"content":{"rendered":"<p>                        <img width=\"944\" height=\"531\" src=\"https:\/\/www.europesays.com\/pt\/wp-content\/uploads\/2025\/10\/resumo-capitulo-eta-mundo-melhor-quarta-feira-8-de-outubro-de-2025-944x531.jpg\" class=\"attachment-custom-large size-custom-large article-featured-image\" alt=\"resumo capitulo eta mundo melhor quarta feira 8 de outubro de 2025\" fetchpriority=\"high\" decoding=\"async\"  \/><\/p>\n<p>Estela aparece viva em \u00cata Mundo Melhor! (Fotos: Reprodu\u00e7\u00e3o, TV Globo)<\/p>\n<p>O corpo encontrado na lagoa n\u00e3o era de Estela (Larissa Manoela) em \u00cata Mundo Melhor!. No cap\u00edtulo desta quarta-feira (8), Celso (Rainer Cadete) vai comemorar que n\u00e3o era a sua amada e mant\u00e9m viva as esperan\u00e7as de que ela esteja viva.<\/p>\n<p>Continua depois da publicidade<\/p>\n<p>Celso vai ficar t\u00e3o feliz, que vai at\u00e9 aconselhar a irm\u00e3, Sandra (Fl\u00e1via Alessandra) para que desista de se vingar de Candinho (S\u00e9rgio Guiz\u00e9). No final do cap\u00edtulo desta quarta-feira, 8 de outubro de 2025, de \u00cata Mundo Melhor, Estela reaparece, viva e pedindo ajuda.<\/p>\n<p>Resumo completo do cap\u00edtulo de quarta-feira (8 de outubro de 2025) de \u00cata Mundo Melhor!<\/p>\n<p id=\"resumo-text\">Celso comemora ao confirmar que n\u00e3o se trata do corpo de Estela. Zulma sugere que Ernesto tente trabalhar no dancing para impressionar Paix\u00e3o. Margarida e Hayd\u00e9e encontram L\u00facio e Paix\u00e3o. Candinho oferece um jantar para as crian\u00e7as, e afirma a Zulma que n\u00e3o \u00e9 seu namorado.<\/p>\n<p id=\"resumo-text\">Maria Divina diz que est\u00e1 magoada com Z\u00e9 dos Porcos por conta de Francine. Celso ajuda Sandra e aproveita para aconselhar a irm\u00e3 a desistir de sua vingan\u00e7a.<\/p>\n<p>Continua depois da publicidade<\/p>\n<p id=\"resumo-text\">Hayd\u00e9e aceita empregar Ernesto para agradar Paix\u00e3o. Exausta, Estela implora a ajuda de T\u00falio.<\/p>\n<p>Veja quem s\u00e3o os personagens de \u00cata Mundo Bom que voltam em \u00cata Mundo Melhor1<\/p>\n<p>VoltarAvan\u00e7ar<\/p>\n<p><img loading=\"lazy\" decoding=\"async\" width=\"1200\" height=\"675\" data-id=\"7557154\" src=\"https:\/\/www.europesays.com\/pt\/wp-content\/uploads\/2025\/10\/Personagens-de-Eta-Mundo-Bom-que-voltam-em-Eta-Mundo-Melhor.jpg\" alt=\"\" class=\"wp-image-7557154\"  \/><\/p>\n<p>Candinho (Foto: Divulga\u00e7\u00e3o, Globo)<\/p>\n<p><img loading=\"lazy\" decoding=\"async\" width=\"1200\" height=\"675\" data-id=\"7557145\" src=\"https:\/\/www.europesays.com\/pt\/wp-content\/uploads\/2025\/10\/Personagens-de-Eta-Mundo-Bom-que-voltam-em-Eta-Mundo-Melhor-12.jpg\" alt=\"\" class=\"wp-image-7557145\"  \/><\/p>\n<p>Cunegundes (Foto: Divulga\u00e7\u00e3o, Globo)<\/p>\n<p><img loading=\"lazy\" decoding=\"async\" width=\"1200\" height=\"675\" data-id=\"7557151\" src=\"https:\/\/www.europesays.com\/pt\/wp-content\/uploads\/2025\/10\/Personagens-de-Eta-Mundo-Bom-que-voltam-em-Eta-Mundo-Melhor-6.jpg\" alt=\"Personagens de \u00cata Mundo Bom que voltam em \u00cata Mundo Melhor \" class=\"wp-image-7557151\"  \/><\/p>\n<p>Quinzinho (Foto: Divulga\u00e7\u00e3o, Globo)<\/p>\n<p><img loading=\"lazy\" decoding=\"async\" width=\"1200\" height=\"675\" data-id=\"7557142\" src=\"https:\/\/www.europesays.com\/pt\/wp-content\/uploads\/2025\/10\/Personagens-de-Eta-Mundo-Bom-que-voltam-em-Eta-Mundo-Melhor-9.jpg\" alt=\"Personagens de \u00cata Mundo Bom que voltam em \u00cata Mundo Melhor \" class=\"wp-image-7557142\"  \/><\/p>\n<p>Manoela (Foto: Divulga\u00e7\u00e3o, Globo)<\/p>\n<p><img loading=\"lazy\" decoding=\"async\" width=\"1200\" height=\"675\" data-id=\"7557143\" src=\"https:\/\/www.europesays.com\/pt\/wp-content\/uploads\/2025\/10\/Personagens-de-Eta-Mundo-Bom-que-voltam-em-Eta-Mundo-Melhor-10.jpg\" alt=\"\" class=\"wp-image-7557143\"  \/><\/p>\n<p>Celso (Foto: Divulga\u00e7\u00e3o, Globo)<\/p>\n<p><img loading=\"lazy\" decoding=\"async\" width=\"1200\" height=\"675\" data-id=\"7557144\" src=\"https:\/\/www.europesays.com\/pt\/wp-content\/uploads\/2025\/10\/Personagens-de-Eta-Mundo-Bom-que-voltam-em-Eta-Mundo-Melhor-11.jpg\" alt=\"Personagens de \u00cata Mundo Bom que voltam em \u00cata Mundo Melhor \" class=\"wp-image-7557144\"  \/><\/p>\n<p>Ol\u00edmpia (Foto: Divulga\u00e7\u00e3o, Globo)<\/p>\n<p><img loading=\"lazy\" decoding=\"async\" width=\"1200\" height=\"675\" data-id=\"7557146\" src=\"https:\/\/www.europesays.com\/pt\/wp-content\/uploads\/2025\/10\/Personagens-de-Eta-Mundo-Bom-que-voltam-em-Eta-Mundo-Melhor-2.jpg\" alt=\"Personagens de \u00cata Mundo Bom que voltam em \u00cata Mundo Melhor \" class=\"wp-image-7557146\"  \/><\/p>\n<p> Quincas (Foto: Divulga\u00e7\u00e3o, Globo)<\/p>\n<p><img loading=\"lazy\" decoding=\"async\" width=\"1200\" height=\"675\" data-id=\"7557147\" src=\"https:\/\/www.europesays.com\/pt\/wp-content\/uploads\/2025\/10\/Personagens-de-Eta-Mundo-Bom-que-voltam-em-Eta-Mundo-Melhor-3.jpg\" alt=\"\" class=\"wp-image-7557147\"  \/><\/p>\n<p>Tobias (Foto: Divulga\u00e7\u00e3o, Globo)<\/p>\n<p><img loading=\"lazy\" decoding=\"async\" width=\"1200\" height=\"675\" data-id=\"7557148\" src=\"https:\/\/www.europesays.com\/pt\/wp-content\/uploads\/2025\/10\/Personagens-de-Eta-Mundo-Bom-que-voltam-em-Eta-Mundo-Melhor-4.jpg\" alt=\"Personagens de \u00cata Mundo Bom que voltam em \u00cata Mundo Melhor \" class=\"wp-image-7557148\"  \/><\/p>\n<p>Maria (Foto: Divulga\u00e7\u00e3o, Globo)<\/p>\n<p><img loading=\"lazy\" decoding=\"async\" width=\"1200\" height=\"675\" data-id=\"7557149\" src=\"https:\/\/www.europesays.com\/pt\/wp-content\/uploads\/2025\/10\/Personagens-de-Eta-Mundo-Bom-que-voltam-em-Eta-Mundo-Melhor-5.jpg\" alt=\"\" class=\"wp-image-7557149\"  \/><\/p>\n<p>Lauro (Foto: Divulga\u00e7\u00e3o, Globo)<\/p>\n<p><img loading=\"lazy\" decoding=\"async\" width=\"1200\" height=\"675\" data-id=\"7557152\" src=\"https:\/\/www.europesays.com\/pt\/wp-content\/uploads\/2025\/10\/Personagens-de-Eta-Mundo-Bom-que-voltam-em-Eta-Mundo-Melhor-7.jpg\" alt=\"\" class=\"wp-image-7557152\"  \/><\/p>\n<p>Z\u00e9 dos Porcos (Foto: Divulga\u00e7\u00e3o, Globo)<\/p>\n<p><img loading=\"lazy\" decoding=\"async\" width=\"1200\" height=\"675\" data-id=\"7557153\" src=\"https:\/\/www.europesays.com\/pt\/wp-content\/uploads\/2025\/10\/Personagens-de-Eta-Mundo-Bom-que-voltam-em-Eta-Mundo-Melhor-8.jpg\" alt=\"Personagens de \u00cata Mundo Bom que voltam em \u00cata Mundo Melhor \" class=\"wp-image-7557153\"  \/><\/p>\n<p>Ara\u00fajo e Olga (Foto: Divulga\u00e7\u00e3o, Globo)<\/p>\n<p><strong><a href=\"https:\/\/www.nsctotal.com.br\/noticias\/quem-e-a-estela-personagem-de-larissa-manoela-em-eta-mundo-melhor\" target=\"_blank\" rel=\"noreferrer noopener nofollow\">Quem \u00e9 a Estela, personagem de Larissa Manoela em \u00cata Mundo Melhor<br \/><\/a><\/strong><\/p>\n","protected":false},"excerpt":{"rendered":"Estela aparece viva em \u00cata Mundo Melhor! (Fotos: Reprodu\u00e7\u00e3o, TV Globo) O corpo encontrado na lagoa n\u00e3o era&hellip;\n","protected":false},"author":2,"featured_media":101497,"comment_status":"","ping_status":"","sticky":false,"template":"","format":"standard","meta":{"footnotes":""},"categories":[142],"tags":[114,115,32,33,151,543],"class_list":{"0":"post-101496","1":"post","2":"type-post","3":"status-publish","4":"format-standard","5":"has-post-thumbnail","7":"category-tv","8":"tag-entertainment","9":"tag-entretenimento","10":"tag-portugal","11":"tag-pt","12":"tag-tv","13":"tag-ver-ouvir-ler"},"share_on_mastodon":{"url":"","error":""},"_links":{"self":[{"href":"https:\/\/www.europesays.com\/pt\/wp-json\/wp\/v2\/posts\/101496","targetHints":{"allow":["GET"]}}],"collection":[{"href":"https:\/\/www.europesays.com\/pt\/wp-json\/wp\/v2\/posts"}],"about":[{"href":"https:\/\/www.europesays.com\/pt\/wp-json\/wp\/v2\/types\/post"}],"author":[{"embeddable":true,"href":"https:\/\/www.europesays.com\/pt\/wp-json\/wp\/v2\/users\/2"}],"replies":[{"embeddable":true,"href":"https:\/\/www.europesays.com\/pt\/wp-json\/wp\/v2\/comments?post=101496"}],"version-history":[{"count":0,"href":"https:\/\/www.europesays.com\/pt\/wp-json\/wp\/v2\/posts\/101496\/revisions"}],"wp:featuredmedia":[{"embeddable":true,"href":"https:\/\/www.europesays.com\/pt\/wp-json\/wp\/v2\/media\/101497"}],"wp:attachment":[{"href":"https:\/\/www.europesays.com\/pt\/wp-json\/wp\/v2\/media?parent=101496"}],"wp:term":[{"taxonomy":"category","embeddable":true,"href":"https:\/\/www.europesays.com\/pt\/wp-json\/wp\/v2\/categories?post=101496"},{"taxonomy":"post_tag","embeddable":true,"href":"https:\/\/www.europesays.com\/pt\/wp-json\/wp\/v2\/tags?post=101496"}],"curies":[{"name":"wp","href":"https:\/\/api.w.org\/{rel}","templated":true}]}}