{"id":101510,"date":"2025-10-08T01:21:14","date_gmt":"2025-10-08T01:21:14","guid":{"rendered":"https:\/\/www.europesays.com\/pt\/101510\/"},"modified":"2025-10-08T01:21:14","modified_gmt":"2025-10-08T01:21:14","slug":"paulo-costa-e-demitido-da-radio-arapuan-e-faz-video-de-agradecimento-na-cidade-de-patos","status":"publish","type":"post","link":"https:\/\/www.europesays.com\/pt\/101510\/","title":{"rendered":"Paulo Costa \u00e9 demitido da R\u00e1dio Arapuan e faz v\u00eddeo de agradecimento na cidade de Patos"},"content":{"rendered":"<p>Na manh\u00e3 desta ter\u00e7a-feira, dia 07 de outubro, o jornalista radialista Paulo Costa fez um v\u00eddeo de agradecimento para se despedir da R\u00e1dio Arapuan FM, em Patos. Paulo Costa relatou que, em breve, estar\u00e1 com outro projeto em outra emissora, mas ainda n\u00e3o explicou qual ser\u00e1.<\/p>\n<p>O jornalista foi demitido e n\u00e3o teve oportunidade de se despedir dos seus ouvintes na R\u00e1dio Arapuan. H\u00e1 alguns meses, o rep\u00f3rter Pabhlo Rhuan tamb\u00e9m foi demitido da emissora e agora est\u00e1 na R\u00e1dio Itatiunga FM.\u00a0<\/p>\n<p>Em texto, Paulo relatou:<\/p>\n<p>\u201cOl\u00e1 pessoal! Passando por aqui para informar meu desligamento com o Sistema Arapuan de Comunica\u00e7\u00e3o, Arapuan FM Patos-PB. Desde j\u00e1 agrade\u00e7o a oportunidade que me foi concedida por Harlan Moura, Seu Jo\u00e3o Greg\u00f3rio, agradecer aos meus amigos Izaias N\u00f3brega, Corsino Peixoto Neto, Paulo Mandu, Rosangela Dantas, Maison Macena e Luciano Soares. Quero dizer que foram quatro anos e sete meses de muito aprendizado. Agradecer em especial a todos os meus ouvintes que atrav\u00e9s do r\u00e1dio, r\u00e1dios Net, facebook, Youtube, Instagram, todas as m\u00eddias digitais. Em breve estaremos juntos\u201d.<\/p>\n<p>Veja o v\u00eddeo de Paulo Costa:<\/p>\n<p>Jozivan Antero \u2013 Pol\u00eamica Patos <\/p>\n","protected":false},"excerpt":{"rendered":"Na manh\u00e3 desta ter\u00e7a-feira, dia 07 de outubro, o jornalista radialista Paulo Costa fez um v\u00eddeo de agradecimento&hellip;\n","protected":false},"author":2,"featured_media":101511,"comment_status":"","ping_status":"","sticky":false,"template":"","format":"standard","meta":{"footnotes":""},"categories":[141],"tags":[24726,726,1044,16355,24727,114,115,24725,62,149,150,1133,13,9464,24722,24724,2771,24723,1174,52,32,33,58],"class_list":{"0":"post-101510","1":"post","2":"type-post","3":"status-publish","4":"format-standard","5":"has-post-thumbnail","7":"category-musica","8":"tag-autoridades","9":"tag-brasil","10":"tag-comunicacao","11":"tag-comunidade","12":"tag-empresariado","13":"tag-entertainment","14":"tag-entretenimento","15":"tag-entreterimento","16":"tag-mundo","17":"tag-music","18":"tag-musica","19":"tag-noticia","20":"tag-noticias","21":"tag-paraiba","22":"tag-patos","23":"tag-pb","24":"tag-polemica","25":"tag-polemicapatos","26":"tag-policial","27":"tag-politica","28":"tag-portugal","29":"tag-pt","30":"tag-sociedade"},"share_on_mastodon":{"url":"","error":""},"_links":{"self":[{"href":"https:\/\/www.europesays.com\/pt\/wp-json\/wp\/v2\/posts\/101510","targetHints":{"allow":["GET"]}}],"collection":[{"href":"https:\/\/www.europesays.com\/pt\/wp-json\/wp\/v2\/posts"}],"about":[{"href":"https:\/\/www.europesays.com\/pt\/wp-json\/wp\/v2\/types\/post"}],"author":[{"embeddable":true,"href":"https:\/\/www.europesays.com\/pt\/wp-json\/wp\/v2\/users\/2"}],"replies":[{"embeddable":true,"href":"https:\/\/www.europesays.com\/pt\/wp-json\/wp\/v2\/comments?post=101510"}],"version-history":[{"count":0,"href":"https:\/\/www.europesays.com\/pt\/wp-json\/wp\/v2\/posts\/101510\/revisions"}],"wp:featuredmedia":[{"embeddable":true,"href":"https:\/\/www.europesays.com\/pt\/wp-json\/wp\/v2\/media\/101511"}],"wp:attachment":[{"href":"https:\/\/www.europesays.com\/pt\/wp-json\/wp\/v2\/media?parent=101510"}],"wp:term":[{"taxonomy":"category","embeddable":true,"href":"https:\/\/www.europesays.com\/pt\/wp-json\/wp\/v2\/categories?post=101510"},{"taxonomy":"post_tag","embeddable":true,"href":"https:\/\/www.europesays.com\/pt\/wp-json\/wp\/v2\/tags?post=101510"}],"curies":[{"name":"wp","href":"https:\/\/api.w.org\/{rel}","templated":true}]}}