{"id":101537,"date":"2025-10-08T01:49:10","date_gmt":"2025-10-08T01:49:10","guid":{"rendered":"https:\/\/www.europesays.com\/pt\/101537\/"},"modified":"2025-10-08T01:49:10","modified_gmt":"2025-10-08T01:49:10","slug":"louis-tomlinson-faz-forte-desabafo-sobre-morte-de-liam-payne-e-detalha-processo-de-luto-injusto-e-frustrante","status":"publish","type":"post","link":"https:\/\/www.europesays.com\/pt\/101537\/","title":{"rendered":"Louis Tomlinson faz forte desabafo sobre morte de Liam Payne, e detalha processo de luto: &#8220;Injusto e frustrante&#8221;"},"content":{"rendered":"<p>                                Ler resumo <\/p>\n<p>Louis Tomlinson falou sobre a morte de Liam Payne em entrevista \u00e0 Rolling Stone UK, publicada nesta segunda (6). O cantor relembrou o ex-companheiro do One Direction, descrevendo a perda como \u201cimpossivelmente dif\u00edcil\u201d e destacando o papel vital de Liam no grupo.<\/p>\n<p><a href=\"https:\/\/hugogloss.uol.com.br\/tag\/louis-tomlinson\" rel=\"nofollow noopener\" target=\"_blank\">Louis Tomlinson<\/a> refletiu sobre a morte de <a href=\"https:\/\/hugogloss.uol.com.br\/tag\/liam-payne\" rel=\"nofollow noopener\" target=\"_blank\">Liam Payne<\/a> e o legado deixado pelo amigo. Liam, que faleceu em outubro de 2024 na Argentina, foi lembrado por Tomlinson em uma nova entrevista para a revista Rolling Stone UK, publicada nesta ter\u00e7a-feira (7).<\/p>\n<p>\u201cFoi realmente desconfort\u00e1vel o 15\u00ba anivers\u00e1rio da banda\u201d, contou Louis. \u201cO sentimento coletivo de celebrar \u00e9 t\u00e3o importante quanto antes \u2014 se n\u00e3o mais \u2014 em nome do Liam\u201d, acrescentou.<\/p>\n<p>O ex-integrante do One Direction confessou que a data o afetou de forma diferente em 2025: \u201cNos outros anivers\u00e1rios, eu quase ficava cansado de nostalgia. Mas, desta vez, foi diferente. Ainda parece injusto e frustrante que ele n\u00e3o esteja mais conosco\u201d.<\/p>\n<p>Louis tamb\u00e9m falou sobre o impacto pessoal da perda. \u201cFoi impossivelmente dif\u00edcil lidar com a morte do Liam. Ingenuamente, achei que, por j\u00e1 ter lidado com o luto em outros momentos, isso tornaria as coisas mais f\u00e1ceis. Foi uma ideia super ing\u00eanua. \u00c9 algo completamente diferente. Eu nunca tinha perdido um amigo antes\u201d, desabafou o cantor.<\/p>\n<p>Tomlinson ainda destacou a import\u00e2ncia de Payne no in\u00edcio do One Direction. \u201cLiam era o par de m\u00e3os mais seguro do grupo. Todos n\u00f3s \u00e9ramos amadores, mas ele j\u00e1 estava exatamente onde precisava estar. Nenhum de n\u00f3s admitiria na \u00e9poca, mas todos olh\u00e1vamos para ele assim\u201d, continuou.<\/p>\n<p> <img loading=\"lazy\" decoding=\"async\" class=\"size-medium wp-image-1186465 img-fluid lazy\" alt=\"\" width=\"617\" height=\"347\" src=\"https:\/\/www.europesays.com\/pt\/wp-content\/uploads\/2025\/10\/FotoJet-82-1-617x347.jpg\"  \/>Louis publicou uma mensagem de despedida emocionante para o amigo nas redes sociais. (Foto: Reprodu\u00e7\u00e3o \/ Instagram) <\/p>\n<p>O cantor relembrou tamb\u00e9m o tributo que publicou nas redes sociais logo ap\u00f3s a not\u00edcia da morte: \u201cLiam, para mim, foi a parte mais vital do One Direction. Tinha afina\u00e7\u00e3o perfeita, presen\u00e7a de palco e talento para compor. A lista \u00e9 longa. Qualquer erro que ele tenha cometido nunca foi por maldade \u2014 apenas por n\u00e3o conseguir se expressar da forma certa. Ele era uma pessoa muito incompreendida. Qualquer julgamento sobre o car\u00e1ter dele, nove em cada dez vezes, vem da falta de entender que ele s\u00f3 queria ser querido\u201d.<\/p>\n<p> Continua depois da Publicidade <\/p>\n<p>Liam Payne morreu em 16 de outubro de 2024, aos 31 anos, ap\u00f3s cair do terceiro andar de um hotel em Buenos Aires, Argentina. A causa da morte foi confirmada como politraumatismo, devido a m\u00faltiplas les\u00f5es. O cantor deixou um filho, Bear, nascido em 2017.<\/p>\n<p>                                                                    <a id=\"google-news\" class=\"google-news\" href=\"https:\/\/news.google.com\/publications\/CAAqBwgKMM6ViAswv82GAw?ceid=BR:pt-419&amp;amp;oc=3&amp;amp;hl=pt-BR&amp;amp;gl=BR\" target=\"_blank\" rel=\"nofollow noopener\"><\/p>\n<p>                                            Siga a <strong> Hugo Gloss no Google News<\/strong> e acompanhe nossos destaques<\/p>\n<p>                                    <\/a><\/p>\n","protected":false},"excerpt":{"rendered":"Ler resumo Louis Tomlinson falou sobre a morte de Liam Payne em entrevista \u00e0 Rolling Stone UK, publicada&hellip;\n","protected":false},"author":2,"featured_media":101538,"comment_status":"","ping_status":"","sticky":false,"template":"","format":"standard","meta":{"footnotes":""},"categories":[141],"tags":[114,115,998,999,24731,149,150,1001,32,33],"class_list":{"0":"post-101537","1":"post","2":"type-post","3":"status-publish","4":"format-standard","5":"has-post-thumbnail","7":"category-musica","8":"tag-entertainment","9":"tag-entretenimento","10":"tag-liam-payne","11":"tag-louis-tomlinson","12":"tag-morte-liam-payne","13":"tag-music","14":"tag-musica","15":"tag-one-direction","16":"tag-portugal","17":"tag-pt"},"share_on_mastodon":{"url":"","error":""},"_links":{"self":[{"href":"https:\/\/www.europesays.com\/pt\/wp-json\/wp\/v2\/posts\/101537","targetHints":{"allow":["GET"]}}],"collection":[{"href":"https:\/\/www.europesays.com\/pt\/wp-json\/wp\/v2\/posts"}],"about":[{"href":"https:\/\/www.europesays.com\/pt\/wp-json\/wp\/v2\/types\/post"}],"author":[{"embeddable":true,"href":"https:\/\/www.europesays.com\/pt\/wp-json\/wp\/v2\/users\/2"}],"replies":[{"embeddable":true,"href":"https:\/\/www.europesays.com\/pt\/wp-json\/wp\/v2\/comments?post=101537"}],"version-history":[{"count":0,"href":"https:\/\/www.europesays.com\/pt\/wp-json\/wp\/v2\/posts\/101537\/revisions"}],"wp:featuredmedia":[{"embeddable":true,"href":"https:\/\/www.europesays.com\/pt\/wp-json\/wp\/v2\/media\/101538"}],"wp:attachment":[{"href":"https:\/\/www.europesays.com\/pt\/wp-json\/wp\/v2\/media?parent=101537"}],"wp:term":[{"taxonomy":"category","embeddable":true,"href":"https:\/\/www.europesays.com\/pt\/wp-json\/wp\/v2\/categories?post=101537"},{"taxonomy":"post_tag","embeddable":true,"href":"https:\/\/www.europesays.com\/pt\/wp-json\/wp\/v2\/tags?post=101537"}],"curies":[{"name":"wp","href":"https:\/\/api.w.org\/{rel}","templated":true}]}}