{"id":101542,"date":"2025-10-08T01:52:15","date_gmt":"2025-10-08T01:52:15","guid":{"rendered":"https:\/\/www.europesays.com\/pt\/101542\/"},"modified":"2025-10-08T01:52:15","modified_gmt":"2025-10-08T01:52:15","slug":"mais-de-800-mil-vacinas-administradas-da-gripe-e-da-covid-19-observador","status":"publish","type":"post","link":"https:\/\/www.europesays.com\/pt\/101542\/","title":{"rendered":"Mais de 800 mil vacinas administradas da gripe e da Covid-19 \u2013 Observador"},"content":{"rendered":"<p>Mais de 800 mil vacinas foram administradas contra a gripe e a Covid-19 nas primeiras duas semanas da campanha deste ano, entre 23 de setembro e 5 de outubro, indicam dados da Dire\u00e7\u00e3o-Geral da Sa\u00fade (DGS).<\/p>\n<p>No segundo relat\u00f3rio semanal da vacina\u00e7\u00e3o sazonal indica-se que nesse per\u00edodo foram vacinadas <strong>304.554 pessoas com refor\u00e7o sazonal contra a Covid-19<\/strong> e <strong>514.906 pessoas contra a gripe.<\/strong><\/p>\n<p>Segundo o documento esta ter\u00e7a-feira divulgado foram vacinadas s\u00f3 na \u00faltima semana 330.961 pessoas contra a gripe, mais de 172 mil em farm\u00e1cias e 158 mil no Servi\u00e7o Nacional de Sa\u00fade (SNS).<\/p>\n<p><strong>Contra a Covid-19 foram vacinadas nos \u00faltimos sete dias 198.029 pessoas, mais de 100 mil em farm\u00e1cias.<\/strong><\/p>\n<p>Segundo os dados da DGS at\u00e9 ao passado domingo tinham sido vacinadas contra a gripe 77.401 pessoas com mais de 85 anos, com uma taxa de cobertura vacinal de 22,65%. Contra a Covid-19 foram administradas nesta faixa et\u00e1ria 55.288 vacinas, com uma cobertura vacinal de 16,18%.<\/p>\n<p>A faixa et\u00e1ria com mais vacina\u00e7\u00e3o foi at\u00e9 agora a das pessoas entre os 70 e os 79 anos, com 180.010 a receberem a vacina contra a gripe e 109.392 a vacina contra a Covid-19.<\/p>\n<p>O total de pessoas com 60 anos ou mais vacinadas contra a gripe chegou nas primeiras duas semanas aos 449.105 (14,94% de cobertura vacinal), tendo 279.147 (9,29%) recebido a vacina contra a Covid-19.<\/p>\n<p>A campanha de vacina\u00e7\u00e3o Sazonal outono-inverno 2025-2026 decorre at\u00e9 30 de abril de 2026, em unidades de sa\u00fade do SNS e em 2.500 farm\u00e1cias comunit\u00e1rias, e o objetivo da DGS \u00e9 vacinar cerca de 2,5 milh\u00f5es contra a gripe e 1,5 milh\u00e3o contra a Covid-19.<\/p>\n<p>Sob o lema \u201cVacine-se e proteja os momentos mais importantes\u201d, a campanha sazonal, que arrancou em 23 de setembro, traz este ano como novidade a vacina\u00e7\u00e3o gratuita contra a gripe para todas as crian\u00e7as entre os seis e os 23 meses e comparticipada para as que t\u00eam entre os dois e os cinco anos.<\/p>\n<p>A DGS recomenda a vacina\u00e7\u00e3o contra a gripe e a Covid-19 a todos os maiores de 60 anos, aos doentes cr\u00f3nicos de todas as idades e aos profissionais de sa\u00fade, recordando a import\u00e2ncia da imuniza\u00e7\u00e3o contra estes v\u00edrus.<\/p>\n","protected":false},"excerpt":{"rendered":"Mais de 800 mil vacinas foram administradas contra a gripe e a Covid-19 nas primeiras duas semanas da&hellip;\n","protected":false},"author":2,"featured_media":101543,"comment_status":"","ping_status":"","sticky":false,"template":"","format":"standard","meta":{"footnotes":""},"categories":[86],"tags":[9731,1418,116,57,712,32,33,2946,6824,117,1209,58,2782],"class_list":{"0":"post-101542","1":"post","2":"type-post","3":"status-publish","4":"format-standard","5":"has-post-thumbnail","7":"category-saude","8":"tag-coronavu00edrus","9":"tag-gripe","10":"tag-health","11":"tag-pau00eds","12":"tag-pessoas","13":"tag-portugal","14":"tag-pt","15":"tag-sau00fade","16":"tag-sau00fade-pu00fablica","17":"tag-saude","18":"tag-serviu00e7o-nacional-de-sau00fade","19":"tag-sociedade","20":"tag-vacinas"},"share_on_mastodon":{"url":"","error":""},"_links":{"self":[{"href":"https:\/\/www.europesays.com\/pt\/wp-json\/wp\/v2\/posts\/101542","targetHints":{"allow":["GET"]}}],"collection":[{"href":"https:\/\/www.europesays.com\/pt\/wp-json\/wp\/v2\/posts"}],"about":[{"href":"https:\/\/www.europesays.com\/pt\/wp-json\/wp\/v2\/types\/post"}],"author":[{"embeddable":true,"href":"https:\/\/www.europesays.com\/pt\/wp-json\/wp\/v2\/users\/2"}],"replies":[{"embeddable":true,"href":"https:\/\/www.europesays.com\/pt\/wp-json\/wp\/v2\/comments?post=101542"}],"version-history":[{"count":0,"href":"https:\/\/www.europesays.com\/pt\/wp-json\/wp\/v2\/posts\/101542\/revisions"}],"wp:featuredmedia":[{"embeddable":true,"href":"https:\/\/www.europesays.com\/pt\/wp-json\/wp\/v2\/media\/101543"}],"wp:attachment":[{"href":"https:\/\/www.europesays.com\/pt\/wp-json\/wp\/v2\/media?parent=101542"}],"wp:term":[{"taxonomy":"category","embeddable":true,"href":"https:\/\/www.europesays.com\/pt\/wp-json\/wp\/v2\/categories?post=101542"},{"taxonomy":"post_tag","embeddable":true,"href":"https:\/\/www.europesays.com\/pt\/wp-json\/wp\/v2\/tags?post=101542"}],"curies":[{"name":"wp","href":"https:\/\/api.w.org\/{rel}","templated":true}]}}